{"id":38588,"date":"2016-06-21T18:06:12","date_gmt":"2016-06-21T23:06:12","guid":{"rendered":"http:\/\/www.biblia.work\/sermones\/el-papa-recibe-y-saluda-a-los-seis-nuevos-cardenales-con-sus-familiares-y-fieles\/"},"modified":"2016-06-21T18:06:12","modified_gmt":"2016-06-21T23:06:12","slug":"el-papa-recibe-y-saluda-a-los-seis-nuevos-cardenales-con-sus-familiares-y-fieles","status":"publish","type":"post","link":"https:\/\/www.biblia.work\/sermones\/el-papa-recibe-y-saluda-a-los-seis-nuevos-cardenales-con-sus-familiares-y-fieles\/","title":{"rendered":"El Papa recibe y saluda a los seis nuevos cardenales con sus familiares y fieles"},"content":{"rendered":"<p align=\"justify\">Los seis nuevos cardenales creados en el consistorio del s\u00e1bado, 24 de noviembre, han sido recibidos esta ma\u00f1ana, junto con sus familiares por el Santo Padre en el Aula Pablo VI.<\/p>\n<p align=\"justify\">El Papa ha afirmado que el consistorio se ha caracterizado por \u201cla oraci\u00f3n intensa y la comuni\u00f3n profunda\u201d y se ha vivido \u201ccon la conciencia de que es un acontecimiento que afecta a toda la Iglesia llamada a ser signo de esperanza para todos los pueblos\u201d.<\/p>\n<p align=\"justify\">Despu\u00e9s, hablando en ingl\u00e9s ha recordado que \u201ctanto en los dicasterios de la Curia romana como en su ministerio en las Iglesias locales, esparcidas por todo el mundo, los cardenales est\u00e1n llamados a compartir, de manera especial, la solicitud del Papa por la Iglesia Universal\u201d.<\/p>\n<p align=\"justify\">En franc\u00e9s y a trav\u00e9s del nuevo cardenal, el patriarca liban\u00e9s Becharas Boutros Ra\u00ef, ha querido alentar \u201cla vida y la presencia de los cristianos en Oriente Medio, que deben poder vivir libremente su fe\u201d y lanzar, al mismo tiempo una vez m\u00e1s \u201cun llamamiento acuciante por la paz en esa regi\u00f3n\u201d. \u201cLa Iglesia -ha dicho- impulsa todos los esfuerzos en pro de la paz en el mundo y en Oriente Medio, paz que ser\u00e1 efectiva s\u00f3lo si se basa en un respeto aut\u00e9ntico del otro\u201d.<\/p>\n<p align=\"justify\">Tambi\u00e9n se ha dirigido en castellano a los fieles colombianos que cuentan con un nuevo cardenal, Rub\u00e9n Salazar G\u00f3mez, alentand\u00f3los \u201cpara que avancen en paz y concordia por los caminos de la justicia, la reconciliaci\u00f3n y la solidaridad\u201d.<\/p>\n<p align=\"justify\">Al final, en italiano, ha invitado a los cardenales a proseguir \u201cconfiados y fuertes la misi\u00f3n espiritual y apost\u00f3lica, manteniendo fija la mirada en Cristo y reforzando el amor por su Iglesia. Este amor tambi\u00e9n podemos aprenderlo de los santos que son la realizaci\u00f3n m\u00e1s completa de la Iglesia: la han amado y, dej\u00e1ndose plasmar por Cristo, han entregado su vida para que todos los hombres sean iluminados por la luz de Cristo que resplandece en el rostro de la Iglesia\u201d.<\/p>\n","protected":false},"excerpt":{"rendered":"<p>Los seis nuevos cardenales creados en el consistorio del s\u00e1bado, 24 de noviembre, han sido recibidos esta ma\u00f1ana, junto con sus familiares por el Santo Padre en el Aula Pablo VI. El Papa ha afirmado que el consistorio se ha caracterizado por \u201cla oraci\u00f3n intensa y la comuni\u00f3n profunda\u201d y se ha vivido \u201ccon la &hellip; <a href=\"https:\/\/www.biblia.work\/sermones\/el-papa-recibe-y-saluda-a-los-seis-nuevos-cardenales-con-sus-familiares-y-fieles\/\" class=\"more-link\">Continuar leyendo<span class=\"screen-reader-text\"> \u00abEl Papa recibe y saluda a los seis nuevos cardenales con sus familiares y fieles\u00bb<\/span><\/a><\/p>\n","protected":false},"author":1,"featured_media":0,"comment_status":"open","ping_status":"closed","sticky":false,"template":"","format":"standard","meta":{"footnotes":""},"categories":[1],"tags":[],"class_list":["post-38588","post","type-post","status-publish","format-standard","hentry","category-general"],"_links":{"self":[{"href":"https:\/\/www.biblia.work\/sermones\/wp-json\/wp\/v2\/posts\/38588","targetHints":{"allow":["GET"]}}],"collection":[{"href":"https:\/\/www.biblia.work\/sermones\/wp-json\/wp\/v2\/posts"}],"about":[{"href":"https:\/\/www.biblia.work\/sermones\/wp-json\/wp\/v2\/types\/post"}],"author":[{"embeddable":true,"href":"https:\/\/www.biblia.work\/sermones\/wp-json\/wp\/v2\/users\/1"}],"replies":[{"embeddable":true,"href":"https:\/\/www.biblia.work\/sermones\/wp-json\/wp\/v2\/comments?post=38588"}],"version-history":[{"count":0,"href":"https:\/\/www.biblia.work\/sermones\/wp-json\/wp\/v2\/posts\/38588\/revisions"}],"wp:attachment":[{"href":"https:\/\/www.biblia.work\/sermones\/wp-json\/wp\/v2\/media?parent=38588"}],"wp:term":[{"taxonomy":"category","embeddable":true,"href":"https:\/\/www.biblia.work\/sermones\/wp-json\/wp\/v2\/categories?post=38588"},{"taxonomy":"post_tag","embeddable":true,"href":"https:\/\/www.biblia.work\/sermones\/wp-json\/wp\/v2\/tags?post=38588"}],"curies":[{"name":"wp","href":"https:\/\/api.w.org\/{rel}","templated":true}]}}