{"id":38589,"date":"2016-06-21T18:06:15","date_gmt":"2016-06-21T23:06:15","guid":{"rendered":"http:\/\/www.biblia.work\/sermones\/saludos-en-espanol-del-papa-benedicto-xvi-tras-el-angelus-domingo-25-noviembre-2012-cristo-rey\/"},"modified":"2016-06-21T18:06:15","modified_gmt":"2016-06-21T23:06:15","slug":"saludos-en-espanol-del-papa-benedicto-xvi-tras-el-angelus-domingo-25-noviembre-2012-cristo-rey","status":"publish","type":"post","link":"https:\/\/www.biblia.work\/sermones\/saludos-en-espanol-del-papa-benedicto-xvi-tras-el-angelus-domingo-25-noviembre-2012-cristo-rey\/","title":{"rendered":"Saludos en espa\u00f1ol del Papa Benedicto XVI tras el \u00c1ngelus domingo 25 noviembre 2012 (Cristo Rey)"},"content":{"rendered":"<p align=\"justify\">Saludo con afecto a los peregrinos de lengua espa\u00f1ola, en particular a los fieles de las parroquias de Granada, M\u00e1laga, Torremolinos y Baza, as\u00ed como a los Obispos, sacerdotes, religiosos y laicos de Colombia, que han venido acompa\u00f1ando al Arzobispo de Bogot\u00e1, que ha sido agregado al Colegio cardenalicio.<\/p>\n<p align=\"justify\">Por intercesi\u00f3n de la Virgen Mar\u00eda, Madre de la Iglesia, y de la nueva beata Maria Troncatti, que ayer en Ecuador fue elevada a la gloria de los altares, pidamos a Jesucristo, Rey del Universo, que ilumine y fortalezca con su gracia al nuevo Purpurado, y que a todos nosotros nos aumente la fe y nos conceda perseverar en su amor hasta el final de nuestra vida. Que Dios os bendiga.<\/p>\n","protected":false},"excerpt":{"rendered":"<p>Saludo con afecto a los peregrinos de lengua espa\u00f1ola, en particular a los fieles de las parroquias de Granada, M\u00e1laga, Torremolinos y Baza, as\u00ed como a los Obispos, sacerdotes, religiosos y laicos de Colombia, que han venido acompa\u00f1ando al Arzobispo de Bogot\u00e1, que ha sido agregado al Colegio cardenalicio. Por intercesi\u00f3n de la Virgen Mar\u00eda, &hellip; <a href=\"https:\/\/www.biblia.work\/sermones\/saludos-en-espanol-del-papa-benedicto-xvi-tras-el-angelus-domingo-25-noviembre-2012-cristo-rey\/\" class=\"more-link\">Continuar leyendo<span class=\"screen-reader-text\"> \u00abSaludos en espa\u00f1ol del Papa Benedicto XVI tras el \u00c1ngelus domingo 25 noviembre 2012 (Cristo Rey)\u00bb<\/span><\/a><\/p>\n","protected":false},"author":1,"featured_media":0,"comment_status":"open","ping_status":"closed","sticky":false,"template":"","format":"standard","meta":{"footnotes":""},"categories":[1],"tags":[],"class_list":["post-38589","post","type-post","status-publish","format-standard","hentry","category-general"],"_links":{"self":[{"href":"https:\/\/www.biblia.work\/sermones\/wp-json\/wp\/v2\/posts\/38589","targetHints":{"allow":["GET"]}}],"collection":[{"href":"https:\/\/www.biblia.work\/sermones\/wp-json\/wp\/v2\/posts"}],"about":[{"href":"https:\/\/www.biblia.work\/sermones\/wp-json\/wp\/v2\/types\/post"}],"author":[{"embeddable":true,"href":"https:\/\/www.biblia.work\/sermones\/wp-json\/wp\/v2\/users\/1"}],"replies":[{"embeddable":true,"href":"https:\/\/www.biblia.work\/sermones\/wp-json\/wp\/v2\/comments?post=38589"}],"version-history":[{"count":0,"href":"https:\/\/www.biblia.work\/sermones\/wp-json\/wp\/v2\/posts\/38589\/revisions"}],"wp:attachment":[{"href":"https:\/\/www.biblia.work\/sermones\/wp-json\/wp\/v2\/media?parent=38589"}],"wp:term":[{"taxonomy":"category","embeddable":true,"href":"https:\/\/www.biblia.work\/sermones\/wp-json\/wp\/v2\/categories?post=38589"},{"taxonomy":"post_tag","embeddable":true,"href":"https:\/\/www.biblia.work\/sermones\/wp-json\/wp\/v2\/tags?post=38589"}],"curies":[{"name":"wp","href":"https:\/\/api.w.org\/{rel}","templated":true}]}}