{"id":38590,"date":"2016-06-21T18:06:24","date_gmt":"2016-06-21T23:06:24","guid":{"rendered":"http:\/\/www.biblia.work\/sermones\/otros-mensajes-del-papa-benedicto-xvi-tras-el-angelus-del-domingo-25-noviembre-2012-cristo-rey\/"},"modified":"2016-06-21T18:06:24","modified_gmt":"2016-06-21T23:06:24","slug":"otros-mensajes-del-papa-benedicto-xvi-tras-el-angelus-del-domingo-25-noviembre-2012-cristo-rey","status":"publish","type":"post","link":"https:\/\/www.biblia.work\/sermones\/otros-mensajes-del-papa-benedicto-xvi-tras-el-angelus-del-domingo-25-noviembre-2012-cristo-rey\/","title":{"rendered":"Otros mensajes del Papa Benedicto XVI tras el \u00c1ngelus del domingo 25 noviembre 2012, Cristo Rey"},"content":{"rendered":"<p align=\"justify\">Al saludar cordialmente en su idioma a los fieles polacos que participaron en la Santa Misa de este domingo, en honor de Cristo Rey y en la oraci\u00f3n del \u00e1ngelus, el Papa los invit\u00f3 a rezar por los nuevos cardenales. \u201cPidamos \u2013 les dijo \u2013 que la Iglesia crezca como reino de verdad, de justicia, de amor y de paz. Que Cristo reine en nuestros corazones y nos bendiga a todos\u201d.<\/p>\n<p align=\"justify\">Tambi\u00e9n afirm\u00f3 que el pr\u00f3ximo s\u00e1bado, 1\u00b0 de diciembre, tendr\u00e1 lugar la peregrinaci\u00f3n de los universitarios de Roma a la Tumba de San Pedro, con ocasi\u00f3n del A\u00f1o de la fe. Por esta raz\u00f3n Su Santidad anunci\u00f3 que presidir\u00e1 la celebraci\u00f3n de las Primeras V\u00edsperas de la Primer Domingo de Adviento.<br \/>\nPor \u00faltimo, Su Santidad dirigi\u00f3 un saludo cordial a los peregrinos de lengua italiana, en particular al grupo de la Polic\u00eda Municipal de Agropoli y a los muchachos de la Unidad de Pastoral Juvenil \u00abSan Filippo Neri\u00bb de la Di\u00f3cesis de Mil\u00e1n. De la misma manera, el Obispo de Roma salud\u00f3 a los fieles de Genzano di Lucania, acompa\u00f1ados por el Arzobispo de Acerenza; as\u00ed como a los procedentes de Tivoli Terme. El Sucesor de Pedro concluy\u00f3 deseando a todos feliz domingo.<\/p>\n<p align=\"justify\">(Mar\u00eda Fernanda Bernasconi \u2013 RV).<\/p>\n","protected":false},"excerpt":{"rendered":"<p>Al saludar cordialmente en su idioma a los fieles polacos que participaron en la Santa Misa de este domingo, en honor de Cristo Rey y en la oraci\u00f3n del \u00e1ngelus, el Papa los invit\u00f3 a rezar por los nuevos cardenales. \u201cPidamos \u2013 les dijo \u2013 que la Iglesia crezca como reino de verdad, de justicia, &hellip; <a href=\"https:\/\/www.biblia.work\/sermones\/otros-mensajes-del-papa-benedicto-xvi-tras-el-angelus-del-domingo-25-noviembre-2012-cristo-rey\/\" class=\"more-link\">Continuar leyendo<span class=\"screen-reader-text\"> \u00abOtros mensajes del Papa Benedicto XVI tras el \u00c1ngelus del domingo 25 noviembre 2012, Cristo Rey\u00bb<\/span><\/a><\/p>\n","protected":false},"author":1,"featured_media":0,"comment_status":"open","ping_status":"closed","sticky":false,"template":"","format":"standard","meta":{"footnotes":""},"categories":[1],"tags":[],"class_list":["post-38590","post","type-post","status-publish","format-standard","hentry","category-general"],"_links":{"self":[{"href":"https:\/\/www.biblia.work\/sermones\/wp-json\/wp\/v2\/posts\/38590","targetHints":{"allow":["GET"]}}],"collection":[{"href":"https:\/\/www.biblia.work\/sermones\/wp-json\/wp\/v2\/posts"}],"about":[{"href":"https:\/\/www.biblia.work\/sermones\/wp-json\/wp\/v2\/types\/post"}],"author":[{"embeddable":true,"href":"https:\/\/www.biblia.work\/sermones\/wp-json\/wp\/v2\/users\/1"}],"replies":[{"embeddable":true,"href":"https:\/\/www.biblia.work\/sermones\/wp-json\/wp\/v2\/comments?post=38590"}],"version-history":[{"count":0,"href":"https:\/\/www.biblia.work\/sermones\/wp-json\/wp\/v2\/posts\/38590\/revisions"}],"wp:attachment":[{"href":"https:\/\/www.biblia.work\/sermones\/wp-json\/wp\/v2\/media?parent=38590"}],"wp:term":[{"taxonomy":"category","embeddable":true,"href":"https:\/\/www.biblia.work\/sermones\/wp-json\/wp\/v2\/categories?post=38590"},{"taxonomy":"post_tag","embeddable":true,"href":"https:\/\/www.biblia.work\/sermones\/wp-json\/wp\/v2\/tags?post=38590"}],"curies":[{"name":"wp","href":"https:\/\/api.w.org\/{rel}","templated":true}]}}