{"id":38592,"date":"2016-06-21T18:06:33","date_gmt":"2016-06-21T23:06:33","guid":{"rendered":"http:\/\/www.biblia.work\/sermones\/en-espanol-la-alocucion-de-benedicto-xvi-previa-al-rezo-del-angelus-domingo-25-11-2012-cristo-rey\/"},"modified":"2016-06-21T18:06:33","modified_gmt":"2016-06-21T23:06:33","slug":"en-espanol-la-alocucion-de-benedicto-xvi-previa-al-rezo-del-angelus-domingo-25-11-2012-cristo-rey","status":"publish","type":"post","link":"https:\/\/www.biblia.work\/sermones\/en-espanol-la-alocucion-de-benedicto-xvi-previa-al-rezo-del-angelus-domingo-25-11-2012-cristo-rey\/","title":{"rendered":"En espa\u00f1ol, la alocuci\u00f3n de Benedicto XVI previa al rezo del Angelus, domingo 25-11-2012 (Cristo Rey)"},"content":{"rendered":"<p align=\"justify\">Hoy la Iglesia celebra a Nuestro Se\u00f1or Jesucristo Rey del Universo. Esta solemnidad se coloca al t\u00e9rmino del a\u00f1o lit\u00fargico y resume el misterio de Jes\u00fas \u00abprimog\u00e9nito de los muertos y dominador de todos los poderosos de la tierra\u00bb (Oraci\u00f3n Colecta A\u00f1o B), ensanchando nuestra mirada hacia la plena realizaci\u00f3n del Reino de Dios, cuando Dios ser\u00e1 todo en todos (Cfr. 1 Co 15, 28).\u00a0<\/p>\n<p align=\"justify\">San Cirilo de Jerusal\u00e9n afirma: \u00abNosotros anunciamos no s\u00f3lo la primera venida de Cristo, sino tambi\u00e9n una segunda mucho m\u00e1s bella de la primera. La primera, en efecto, fue una manifestaci\u00f3n de padecimiento, la segunda trae la diadema de la realeza divina; en la primera fue sometido a la humillaci\u00f3n de la cruz, en la segunda est\u00e1 rodeado y glorificado por una multitud de \u00e1ngeles \u00bb (Catequesis XV,1\u00a0<em>Illuminandorum, De secundo Christi adventu<\/em>: PG 33, 869 A).<\/p>\n<p align=\"justify\">Toda la misi\u00f3n de Jes\u00fas y el contenido de su mensaje consisten en anunciar el Reino de Dios y actuarlo en medio de los hombres con signos y prodigios. \u00abPero \u2013 como recuerda el Concilio Vaticano II \u2013 ante todo el Reino se manifiesta en la misma persona de Cristo\u00bb (Constituci\u00f3n dogm\u00e1tica\u00a0<em>Lumen gentium<\/em>, 5), que lo ha instaurado mediante su muerte en la cruz y su resurrecci\u00f3n, con la que se ha manifestado cual Se\u00f1or y Mes\u00edas y Sacerdote eterno. Este Reino de Cristo ha sido encomendado a la Iglesia, que es su \u00abgermen\u00bb e \u00abinicio\u00bb y tiene el deber de anunciarlo y difundirlo entre todas las gentes, con la fuerza del Esp\u00edritu Santo (Cfr. ib\u00edd.). Al t\u00e9rmino del tiempo establecido, el Se\u00f1or entregar\u00e1 a Dios Padre el Reino y le presentar\u00e1 a todos los que han vivido seg\u00fan el mandamiento del amor.<\/p>\n<p align=\"justify\">Queridos amigos, todos nosotros estamos llamados a prolongar la obra salv\u00edfica de Dios convirti\u00e9ndonos al Evangelios, poni\u00e9ndonos con decisi\u00f3n al servicio de aquel Rey que no ha venido para ser servido sino para servir y dar testimonio de la verdad (Cfr.\u00a0<em>Mc<\/em>\u00a010, 45;\u00a0<em>Jn<\/em>\u00a018,37).<\/p>\n<p align=\"justify\">En esta perspectiva invito a todos a orar por los seis nuevos Cardenales que he creado ayer, a fin de que el Esp\u00edritu Santo los refuerce en la fe y en la caridad y los colme con sus dones, de modo que vivan su nueva responsabilidad como una entrega ulterior a Cristo y a su Reino.<\/p>\n<p align=\"justify\">Estos nuevos miembros del Colegio Cardenalicio representan bien la dimensi\u00f3n universal de la Iglesia: son Pastores de Iglesias en El L\u00edbano, en la India, en Nigeria, en Colombia, en Filipinas y, uno de ellos, est\u00e1 desde hace mucho tiempo, al servicio de la Santa Sede.<\/p>\n<p align=\"justify\">Invoquemos la protecci\u00f3n de Mar\u00eda Sant\u00edsima sobre cada uno de ellos y sobre los fieles encomendadnos a su servicio. Que la Virgen nos ayude a todos a vivir el tiempo presente en espera del regreso del Se\u00f1or, pidiendo con fuerza a Dios: \u00abVenga tu Reino\u00bb, y cumpliendo esas obras de luz que nos acerca cada vez m\u00e1s al Cielo, concientes de que, en las atormentadas vicisitudes de la historia, Dios sigue construyendo su Reino de amor.<\/p>\n","protected":false},"excerpt":{"rendered":"<p>Hoy la Iglesia celebra a Nuestro Se\u00f1or Jesucristo Rey del Universo. Esta solemnidad se coloca al t\u00e9rmino del a\u00f1o lit\u00fargico y resume el misterio de Jes\u00fas \u00abprimog\u00e9nito de los muertos y dominador de todos los poderosos de la tierra\u00bb (Oraci\u00f3n Colecta A\u00f1o B), ensanchando nuestra mirada hacia la plena realizaci\u00f3n del Reino de Dios, cuando &hellip; <a href=\"https:\/\/www.biblia.work\/sermones\/en-espanol-la-alocucion-de-benedicto-xvi-previa-al-rezo-del-angelus-domingo-25-11-2012-cristo-rey\/\" class=\"more-link\">Continuar leyendo<span class=\"screen-reader-text\"> \u00abEn espa\u00f1ol, la alocuci\u00f3n de Benedicto XVI previa al rezo del Angelus, domingo 25-11-2012 (Cristo Rey)\u00bb<\/span><\/a><\/p>\n","protected":false},"author":1,"featured_media":0,"comment_status":"open","ping_status":"closed","sticky":false,"template":"","format":"standard","meta":{"footnotes":""},"categories":[1],"tags":[],"class_list":["post-38592","post","type-post","status-publish","format-standard","hentry","category-general"],"_links":{"self":[{"href":"https:\/\/www.biblia.work\/sermones\/wp-json\/wp\/v2\/posts\/38592","targetHints":{"allow":["GET"]}}],"collection":[{"href":"https:\/\/www.biblia.work\/sermones\/wp-json\/wp\/v2\/posts"}],"about":[{"href":"https:\/\/www.biblia.work\/sermones\/wp-json\/wp\/v2\/types\/post"}],"author":[{"embeddable":true,"href":"https:\/\/www.biblia.work\/sermones\/wp-json\/wp\/v2\/users\/1"}],"replies":[{"embeddable":true,"href":"https:\/\/www.biblia.work\/sermones\/wp-json\/wp\/v2\/comments?post=38592"}],"version-history":[{"count":0,"href":"https:\/\/www.biblia.work\/sermones\/wp-json\/wp\/v2\/posts\/38592\/revisions"}],"wp:attachment":[{"href":"https:\/\/www.biblia.work\/sermones\/wp-json\/wp\/v2\/media?parent=38592"}],"wp:term":[{"taxonomy":"category","embeddable":true,"href":"https:\/\/www.biblia.work\/sermones\/wp-json\/wp\/v2\/categories?post=38592"},{"taxonomy":"post_tag","embeddable":true,"href":"https:\/\/www.biblia.work\/sermones\/wp-json\/wp\/v2\/tags?post=38592"}],"curies":[{"name":"wp","href":"https:\/\/api.w.org\/{rel}","templated":true}]}}