{"id":38595,"date":"2016-06-21T18:06:49","date_gmt":"2016-06-21T23:06:49","guid":{"rendered":"http:\/\/www.biblia.work\/sermones\/la-infancia-de-jesus-un-libro-una-promesa-por-el-padre-federico-lombardi-portavoz-de-la-santa-sede\/"},"modified":"2016-06-21T18:06:49","modified_gmt":"2016-06-21T23:06:49","slug":"la-infancia-de-jesus-un-libro-una-promesa-por-el-padre-federico-lombardi-portavoz-de-la-santa-sede","status":"publish","type":"post","link":"https:\/\/www.biblia.work\/sermones\/la-infancia-de-jesus-un-libro-una-promesa-por-el-padre-federico-lombardi-portavoz-de-la-santa-sede\/","title":{"rendered":"La Infancia de Jes\u00fas: un libro, una promesa, por el padre Federico Lombardi, portavoz de la Santa Sede"},"content":{"rendered":"<p align=\"justify\">El nuevo libro del Papa sobre la infancia de Jes\u00fas llega a nuestras manos en tiempo para acompa\u00f1arnos espiritualmente en el per\u00edodo de Adviento y de Navidad, denso de cultura b\u00edblica, de reflexi\u00f3n teol\u00f3gica y de espiritualidad. Es el cumplimiento de una promesa, que \u00e9l nos hab\u00eda hecho desde la publicaci\u00f3n del libro sobre la vida p\u00fablica de Jes\u00fas, y que hab\u00eda repetido con la publicaci\u00f3n del segundo libro sobre la Pasi\u00f3n y la Resurrecci\u00f3n.<\/p>\n<p align=\"justify\">Si bien es verdad que nos hab\u00eda dicho claramente que el objetivo de su obra \u201ctendiente a comprender la figura de Jes\u00fas, su palabra y su actuar\u201d, no comprend\u00eda directamente el estudio de los cap\u00edtulos de los Evangelios sobre la infancia de Jes\u00fas (Crf Premisa al 2\u00ba volumen); no ha querido negarnos esta \u201csalita de entrada\u201d a la lectura de los libros precedentes.<\/p>\n<p align=\"justify\">Nos la presenta con la consueta humildad: \u201cEstoy consciente de que este coloquio entre pasado, presente y futuro no podr\u00e1 nunca ser realizado\u2026 Espero que este peque\u00f1o libro, no obstante sus l\u00edmites, pueda ayudar a muchas personas en su camino hacia, y con Jes\u00fas\u201d.<\/p>\n<p align=\"justify\">As\u00ed como el Papa Wojtyla anciano hab\u00eda expuesto con gran valor su intimidad, en la meditaci\u00f3n po\u00e9tica \u201cTr\u00edptico romano\u201d, as\u00ed el Papa Ratzinger, con no menor valor, se ha expuesto \u00e9l mismo, y su \u00edntima b\u00fasqueda del rostro del Se\u00f1or y del encuentro con \u00c9l. Bien sab\u00eda que habr\u00eda encontrado objeciones en ocasiones pretextadas, en ocasiones leg\u00edtimas, pero la trama entre el estudio de la Escritura, la reflexi\u00f3n teol\u00f3gica, la cultura humana, la tensi\u00f3n espiritual personal es igualmente extraordinaria y fascinante.<\/p>\n<p align=\"justify\">Joseph Ratzinger ha vivido en primera persona -y como Papa- el drama del \u201crasgamiento entre el Jes\u00fas hist\u00f3rico y el Cristo de la fe\u201d y se ha comprometido a guiar a cada uno de nosotros, y por lo tanto a la Iglesia, para superarlo, para volver a darnos el gusto sereno y profundo de la amistad personal con Jes\u00fas. Y este es un servicio m\u00e1s fundamental y m\u00e1s urgente que muchos otros en el gobierno de la Iglesia. Porque \u00e9l es, antes que nada, responsable de la fe de la Iglesia. Por lo tanto le estamos agradecidos por lo que ha hecho concluyendo la obra despu\u00e9s de nueve a\u00f1os de no f\u00e1cil compromiso.<\/p>\n<p align=\"justify\">Bien es cierto aquello que dec\u00eda el cardenal Martini concluyendo su presentaci\u00f3n del primer volumen: \u201cEl libro es muy bello y nos hace comprender mejor, tanto a Jes\u00fas Hijo de Dios, como la gran fe del Autor\u201d.<\/p>\n<p align=\"justify\">Traducci\u00f3n: Patricia L. J\u00e1uregui Romero \u2013 Radio Vaticano<\/p>\n","protected":false},"excerpt":{"rendered":"<p>El nuevo libro del Papa sobre la infancia de Jes\u00fas llega a nuestras manos en tiempo para acompa\u00f1arnos espiritualmente en el per\u00edodo de Adviento y de Navidad, denso de cultura b\u00edblica, de reflexi\u00f3n teol\u00f3gica y de espiritualidad. Es el cumplimiento de una promesa, que \u00e9l nos hab\u00eda hecho desde la publicaci\u00f3n del libro sobre la &hellip; <a href=\"https:\/\/www.biblia.work\/sermones\/la-infancia-de-jesus-un-libro-una-promesa-por-el-padre-federico-lombardi-portavoz-de-la-santa-sede\/\" class=\"more-link\">Continuar leyendo<span class=\"screen-reader-text\"> \u00abLa Infancia de Jes\u00fas: un libro, una promesa, por el padre Federico Lombardi, portavoz de la Santa Sede\u00bb<\/span><\/a><\/p>\n","protected":false},"author":1,"featured_media":0,"comment_status":"open","ping_status":"closed","sticky":false,"template":"","format":"standard","meta":{"footnotes":""},"categories":[1],"tags":[],"class_list":["post-38595","post","type-post","status-publish","format-standard","hentry","category-general"],"_links":{"self":[{"href":"https:\/\/www.biblia.work\/sermones\/wp-json\/wp\/v2\/posts\/38595","targetHints":{"allow":["GET"]}}],"collection":[{"href":"https:\/\/www.biblia.work\/sermones\/wp-json\/wp\/v2\/posts"}],"about":[{"href":"https:\/\/www.biblia.work\/sermones\/wp-json\/wp\/v2\/types\/post"}],"author":[{"embeddable":true,"href":"https:\/\/www.biblia.work\/sermones\/wp-json\/wp\/v2\/users\/1"}],"replies":[{"embeddable":true,"href":"https:\/\/www.biblia.work\/sermones\/wp-json\/wp\/v2\/comments?post=38595"}],"version-history":[{"count":0,"href":"https:\/\/www.biblia.work\/sermones\/wp-json\/wp\/v2\/posts\/38595\/revisions"}],"wp:attachment":[{"href":"https:\/\/www.biblia.work\/sermones\/wp-json\/wp\/v2\/media?parent=38595"}],"wp:term":[{"taxonomy":"category","embeddable":true,"href":"https:\/\/www.biblia.work\/sermones\/wp-json\/wp\/v2\/categories?post=38595"},{"taxonomy":"post_tag","embeddable":true,"href":"https:\/\/www.biblia.work\/sermones\/wp-json\/wp\/v2\/tags?post=38595"}],"curies":[{"name":"wp","href":"https:\/\/api.w.org\/{rel}","templated":true}]}}