{"id":38597,"date":"2016-06-21T18:06:57","date_gmt":"2016-06-21T23:06:57","guid":{"rendered":"http:\/\/www.biblia.work\/sermones\/benedicto-xvi-en-la-sesion-publica-de-las-academias-pontificias-ser-testigo-de-la-belleza-de-la-fe\/"},"modified":"2016-06-21T18:06:57","modified_gmt":"2016-06-21T23:06:57","slug":"benedicto-xvi-en-la-sesion-publica-de-las-academias-pontificias-ser-testigo-de-la-belleza-de-la-fe","status":"publish","type":"post","link":"https:\/\/www.biblia.work\/sermones\/benedicto-xvi-en-la-sesion-publica-de-las-academias-pontificias-ser-testigo-de-la-belleza-de-la-fe\/","title":{"rendered":"Benedicto XVI en la sesi\u00f3n p\u00fablica de las Academias Pontificias: Ser testigo de la belleza de la fe"},"content":{"rendered":"<p align=\"justify\"><em>El Papa: \u201cLa belleza de la fe no es obst\u00e1culo a la creaci\u00f3n art\u00edstica\u201d<\/em><\/p>\n<p align=\"justify\">Las <strong>Academias Pontificias<\/strong> celebraron el mi\u00e9rcoles 21 de noviembre por la tarde en el Aula Magna del palacio de San P\u00edo X su <strong>XVII sesi\u00f3n p\u00fablica<\/strong> cuyo <strong>tema <\/strong>fue esta vez<strong> \u201cPulchritudinis fidei testis<\/strong>. <strong>El artista, como la Iglesia, testigo de la belleza de la fe\u201d.<\/strong> En el curso de la sesi\u00f3n, abierta por el cardenal <strong>Gianfranco Ravasi<\/strong>, Presidente del Pontificio Consejo para la Cultura, el cardenal <strong>Tarcisio Bertone<\/strong>, Secretario de Estado, ley\u00f3 un mensaje que <strong>Benedicto XVI<\/strong> hab\u00eda dirigido a los participantes.<\/p>\n<p align=\"justify\">En el texto el Papa reafirma \u201cla voluntad de la Iglesia por reencontrar el gozo de la reflexi\u00f3n com\u00fan y de la acci\u00f3n conjunta para poner de nuevo el tema de la belleza al centro de la atenci\u00f3n, tanto de la comunidad eclesial como de la sociedad civil y del mundo de la cultura\u201d.<\/p>\n<p align=\"justify\">La belleza \u201ctendr\u00eda que volver a reafirmarse y manifestarse en todas las expresiones art\u00edsticas, sin prescindir, sin embargo, de la experiencia de la fe, sino, por el contrario, confront\u00e1ndose libre y abiertamente con ella, para que le d\u00e9 inspiraci\u00f3n y contenido. La belleza de la fe no puede ser nunca obst\u00e1culo a la creaci\u00f3n de la belleza art\u00edstica porque constituye, de alguna manera, su linfa vital y su \u00faltimo horizonte. El verdadero artista, definido en el Mensaje del Concilio Vaticano II como \u201ccustodio de la belleza del mundo\u201d, gracias a su sensibilidad art\u00edstica y a su intuici\u00f3n, puede captar y acoger m\u00e1s profundamente que otras personas la belleza que es propia de la fe y, as\u00ed, expresarla y comunicarla con su mismo lenguaje\u201d.<\/p>\n<p align=\"justify\">\u201cEn este sentido -subraya- tambi\u00e9n podemos hablar del artista como testigo, de alguna forma, privilegiado, de la belleza de la fe. Por eso, puede participar con su contribuci\u00f3n, espec\u00edfica y original, en la misi\u00f3n y en la vocaci\u00f3n de la Iglesia, en particular, cuando en las diversas expresiones del arte, quiera o sea llamado a realizar obras de artes directamente unidas con la experiencia de la fe y con el culto, con la acci\u00f3n lit\u00fargica de la Iglesia\u201d.<\/p>\n<p align=\"justify\">En el A\u00f1o de la Fe, el Papa invita a todos los artistas cristianos y a todos los que se abren al di\u00e1logo con ella, a que su recorrido art\u00edstico se convierta en \u201cun itinerario integral que incluya todas las dimensiones de la existencia humana, para atestiguar la belleza de la fe en Cristo Jes\u00fas, imagen de la gloria de Dios que ilumina la historia de la humanidad\u201d.<\/p>\n<p align=\"justify\">La sesi\u00f3n concluy\u00f3 con la entrega del Premio de las Academias Pontificias, este a\u00f1o dedicado a las artes, sobre todo pintura y escultura, y cuyos vencedores han sido la escultora polaca Anna Gulak y el pintor espa\u00f1ol David Ribes L\u00f3pez. La Medalla del Pontificado fue entregada al escultor italiano Jacopo Cardillo.<\/p>\n<p align=\"justify\">&nbsp;<\/p>\n<p align=\"justify\">Ciudad del Vaticano, 22 noviembre 2012 (VIS).-<\/p>\n","protected":false},"excerpt":{"rendered":"<p>El Papa: \u201cLa belleza de la fe no es obst\u00e1culo a la creaci\u00f3n art\u00edstica\u201d Las Academias Pontificias celebraron el mi\u00e9rcoles 21 de noviembre por la tarde en el Aula Magna del palacio de San P\u00edo X su XVII sesi\u00f3n p\u00fablica cuyo tema fue esta vez \u201cPulchritudinis fidei testis. El artista, como la Iglesia, testigo de &hellip; <a href=\"https:\/\/www.biblia.work\/sermones\/benedicto-xvi-en-la-sesion-publica-de-las-academias-pontificias-ser-testigo-de-la-belleza-de-la-fe\/\" class=\"more-link\">Continuar leyendo<span class=\"screen-reader-text\"> \u00abBenedicto XVI en la sesi\u00f3n p\u00fablica de las Academias Pontificias: Ser testigo de la belleza de la fe\u00bb<\/span><\/a><\/p>\n","protected":false},"author":1,"featured_media":0,"comment_status":"open","ping_status":"closed","sticky":false,"template":"","format":"standard","meta":{"footnotes":""},"categories":[1],"tags":[],"class_list":["post-38597","post","type-post","status-publish","format-standard","hentry","category-general"],"_links":{"self":[{"href":"https:\/\/www.biblia.work\/sermones\/wp-json\/wp\/v2\/posts\/38597","targetHints":{"allow":["GET"]}}],"collection":[{"href":"https:\/\/www.biblia.work\/sermones\/wp-json\/wp\/v2\/posts"}],"about":[{"href":"https:\/\/www.biblia.work\/sermones\/wp-json\/wp\/v2\/types\/post"}],"author":[{"embeddable":true,"href":"https:\/\/www.biblia.work\/sermones\/wp-json\/wp\/v2\/users\/1"}],"replies":[{"embeddable":true,"href":"https:\/\/www.biblia.work\/sermones\/wp-json\/wp\/v2\/comments?post=38597"}],"version-history":[{"count":0,"href":"https:\/\/www.biblia.work\/sermones\/wp-json\/wp\/v2\/posts\/38597\/revisions"}],"wp:attachment":[{"href":"https:\/\/www.biblia.work\/sermones\/wp-json\/wp\/v2\/media?parent=38597"}],"wp:term":[{"taxonomy":"category","embeddable":true,"href":"https:\/\/www.biblia.work\/sermones\/wp-json\/wp\/v2\/categories?post=38597"},{"taxonomy":"post_tag","embeddable":true,"href":"https:\/\/www.biblia.work\/sermones\/wp-json\/wp\/v2\/tags?post=38597"}],"curies":[{"name":"wp","href":"https:\/\/api.w.org\/{rel}","templated":true}]}}