{"id":38598,"date":"2016-06-21T18:07:02","date_gmt":"2016-06-21T23:07:02","guid":{"rendered":"http:\/\/www.biblia.work\/sermones\/el-papa-en-el-xxiii-congreso-mundial-del-apostolado-del-mar\/"},"modified":"2016-06-21T18:07:02","modified_gmt":"2016-06-21T23:07:02","slug":"el-papa-en-el-xxiii-congreso-mundial-del-apostolado-del-mar","status":"publish","type":"post","link":"https:\/\/www.biblia.work\/sermones\/el-papa-en-el-xxiii-congreso-mundial-del-apostolado-del-mar\/","title":{"rendered":"El Papa en el XXIII Congreso Mundial del Apostolado del Mar"},"content":{"rendered":"<p align=\"justify\">La Iglesia est\u00e1 cerca de las gentes del mar<\/p>\n<p align=\"justify\">\u201cDesde los albores del cristianismo, el mundo mar\u00edtimo ha sido un veh\u00edculo eficaz de evangelizaci\u00f3n. Los ap\u00f3stoles y los disc\u00edpulos de Jes\u00fas tuvieron la posibilidad de ir a todo el mundo y predicar el Evangelio a todas las criaturas gracias, tambi\u00e9n, a la navegaci\u00f3n mar\u00edtima; nos basta pensar en los viajes de San Pablo. De esa forma emprendieron el camino para difundir la Palabra de Dios \u201chasta los \u00faltimos confines de la tierra\u201d.<\/p>\n<p align=\"justify\">Con estas palabras Benedicto XVI ha acogido esta ma\u00f1ana a los participantes en el XXIII Congreso Mundial del Apostolado del Mar, organizado por el Pontificio Consejo de la Pastoral para los Emigrantes e Itinerantes y en el que se han abordado, entre otros, los temas del anuncio del evangelio a un n\u00famero cada vez m\u00e1s grande de marinos pertenecientes a las Iglesias Orientales, la asistencia a los no cristianos y a los no creyentes o la intensificaci\u00f3n de la colaboraci\u00f3n ecum\u00e9nica e interreligiosa.<\/p>\n<p align=\"justify\">\u201cTambi\u00e9n hoy -ha dicho el Papa- la Iglesia surca los mares para llevar el Evangelio a todas las naciones y vuestra presencia capilar en las escalas portuarias del mundo, las visitas que efectu\u00e1is a las naves atracadas en los puertos y la acogida fraterna en las horas de parada de la tripulaci\u00f3n, son el signo visible de la solicitud hacia cuantos no pueden recibir una atenci\u00f3n pastoral ordinaria. Hoy, este mundo del mar, en su continua peregrinaci\u00f3n de personas, tiene que tener en cuenta las complejas repercusiones de la globalizaci\u00f3n y, desgraciadamente, tambi\u00e9n hacer frente a situaciones de injusticia, especialmente cuando la tripulaci\u00f3n se ve sometida a restricciones para bajar a tierra, cuando la abandonan junto a las embarcaciones en que trabajan, cuando caen en manos de la pirater\u00eda mar\u00edtima o padecen las consecuencias de la pesca ilegal. La vulnerabilidad de los marinos, pescadores o navegantes, debe llevar aparejada una solicitud, todav\u00eda mas atenta, de la Iglesia y estimular la atenci\u00f3n maternal que, a trav\u00e9s de vosotros, manifiesta a todos los que encontr\u00e1is en los puertos o en las naves,o a los que asist\u00eds en los largos meses de embarque\u201d.<\/p>\n<p align=\"justify\">Benedicto XVI ha hablado despu\u00e9s de los que trabajan en el sector de la pesca y de sus familias, subrayando c\u00f3mo se enfrentan m\u00e1s que otros, \u201c a las dificultades del presente y viven la incertidumbre del futuro, caracterizado por los efectos negativos de los cambios clim\u00e1ticos y de la explotaci\u00f3n excesiva de los recursos\u201d. Igualmente ha asegurado la cercan\u00eda de la Iglesia a los pescadores, que buscan \u201ccondiciones de trabajo dignas y seguras, salvaguardando el valor de la familia, la tutela del ambiente y la defensa de la dignidad de cada persona\u201d.<\/p>\n<p align=\"justify\">Por \u00faltimo, citando el decreto \u201cAd gentes\u201d, del Concilio Vaticano II sobre la actividad misionera de la Iglesia, ha exhortado a cuantos trabajan en \u201cprimera l\u00ednea de la evangelizaci\u00f3n de tantos hombres y mujeres de diversas nacionalidades que transitan en los puertos\u201d a ser \u201cap\u00f3stoles fieles de la misi\u00f3n de anunciar el Evangelio\u201d y a \u201cmanifestar el rostro amoroso de la Iglesia que acoge y que est\u00e1 cerca tambi\u00e9n de esta porci\u00f3n del Pueblo de Dios. Responded sin vacilar a la gente del mar, que os espera a bordo para colmar las profundas nostalgias del alma y sentirse parte activa de la comunidad\u201d.<\/p>\n<p align=\"justify\">&nbsp;<\/p>\n<p align=\"right\">Ciudad del Vaticano, 23 noviembre 2012 (VIS).-\u201d<\/p>\n","protected":false},"excerpt":{"rendered":"<p>La Iglesia est\u00e1 cerca de las gentes del mar \u201cDesde los albores del cristianismo, el mundo mar\u00edtimo ha sido un veh\u00edculo eficaz de evangelizaci\u00f3n. Los ap\u00f3stoles y los disc\u00edpulos de Jes\u00fas tuvieron la posibilidad de ir a todo el mundo y predicar el Evangelio a todas las criaturas gracias, tambi\u00e9n, a la navegaci\u00f3n mar\u00edtima; nos &hellip; <a href=\"https:\/\/www.biblia.work\/sermones\/el-papa-en-el-xxiii-congreso-mundial-del-apostolado-del-mar\/\" class=\"more-link\">Continuar leyendo<span class=\"screen-reader-text\"> \u00abEl Papa en el XXIII Congreso Mundial del Apostolado del Mar\u00bb<\/span><\/a><\/p>\n","protected":false},"author":1,"featured_media":0,"comment_status":"open","ping_status":"closed","sticky":false,"template":"","format":"standard","meta":{"footnotes":""},"categories":[1],"tags":[],"class_list":["post-38598","post","type-post","status-publish","format-standard","hentry","category-general"],"_links":{"self":[{"href":"https:\/\/www.biblia.work\/sermones\/wp-json\/wp\/v2\/posts\/38598","targetHints":{"allow":["GET"]}}],"collection":[{"href":"https:\/\/www.biblia.work\/sermones\/wp-json\/wp\/v2\/posts"}],"about":[{"href":"https:\/\/www.biblia.work\/sermones\/wp-json\/wp\/v2\/types\/post"}],"author":[{"embeddable":true,"href":"https:\/\/www.biblia.work\/sermones\/wp-json\/wp\/v2\/users\/1"}],"replies":[{"embeddable":true,"href":"https:\/\/www.biblia.work\/sermones\/wp-json\/wp\/v2\/comments?post=38598"}],"version-history":[{"count":0,"href":"https:\/\/www.biblia.work\/sermones\/wp-json\/wp\/v2\/posts\/38598\/revisions"}],"wp:attachment":[{"href":"https:\/\/www.biblia.work\/sermones\/wp-json\/wp\/v2\/media?parent=38598"}],"wp:term":[{"taxonomy":"category","embeddable":true,"href":"https:\/\/www.biblia.work\/sermones\/wp-json\/wp\/v2\/categories?post=38598"},{"taxonomy":"post_tag","embeddable":true,"href":"https:\/\/www.biblia.work\/sermones\/wp-json\/wp\/v2\/tags?post=38598"}],"curies":[{"name":"wp","href":"https:\/\/api.w.org\/{rel}","templated":true}]}}