{"id":38600,"date":"2016-06-21T18:07:19","date_gmt":"2016-06-21T23:07:19","guid":{"rendered":"http:\/\/www.biblia.work\/sermones\/benedicto-xvi-en-xvii-conferencia-de-los-directores-de-las-administraciones-penitenciarias-del-consejo-de-europa\/"},"modified":"2016-06-21T18:07:19","modified_gmt":"2016-06-21T23:07:19","slug":"benedicto-xvi-en-xvii-conferencia-de-los-directores-de-las-administraciones-penitenciarias-del-consejo-de-europa","status":"publish","type":"post","link":"https:\/\/www.biblia.work\/sermones\/benedicto-xvi-en-xvii-conferencia-de-los-directores-de-las-administraciones-penitenciarias-del-consejo-de-europa\/","title":{"rendered":"Benedicto XVI en XVII Conferencia de los directores de las administraciones penitenciarias del Consejo de Europa"},"content":{"rendered":"<p align=\"justify\">\u201cLa rehabilitaci\u00f3n del detenido es la funci\u00f3n culminante del sistema penal\u201d<\/p>\n<p align=\"justify\">Benedicto XVI ha recibido esta ma\u00f1ana a los participantes en la XVII Conferencia de los directores de las administraciones penitenciarias del Consejo de Europa.<\/p>\n<p align=\"justify\">En el discurso que les ha dirigido, el Santo Padre ha observado como \u201clos temas de la justicia penal son continuamente materia de atenci\u00f3n por parte de la opini\u00f3n p\u00fablica y de los gobiernos, sobre todo en un momento en que las diferencias econ\u00f3micas y sociales y el individualismo creciente alimentan las ra\u00edces de la delincuencia\u201d.<\/p>\n<p align=\"justify\">Pero, ha puntualizado, \u201cla tendencia, sin embargo, es restringir la discusi\u00f3n s\u00f3lo a la disciplina legislativa de los delitos y las sanciones o al proceso (&#8230;) Menos atenci\u00f3n se presta, en cambio, a la modalidad de ejecuci\u00f3n de las penas carcelarias, en relaci\u00f3n a las cuales el par\u00e1metro de la &#8220;justicia&#8221; debe acompa\u00f1arse con el del respeto de la dignidad y de los derechos humanos. Pero incluso este par\u00e1metro, aunque es indispensable -y en muchos pa\u00edses, por desgracia, est\u00e1 todav\u00eda muy lejos de ser una realidad- no puede considerarse suficiente a la hora de proteger de manera integral los derechos de la persona\u201d.<\/p>\n<p align=\"justify\">\u201cEs necesario -ha subrayado- comprometerse pr\u00e1cticamente, y no s\u00f3lo como declaraci\u00f3n de principios, en la rehabilitaci\u00f3n efectiva de la persona, sea en funci\u00f3n de la dignidad que le es propia, como con vistas a su reinserci\u00f3n social (&#8230;) A fin de que la justicia humana, en este campo, se inspire y se oriente seg\u00fan la justicia divina , es necesario que la funci\u00f3n rehabilitadora de la pena no se considere como un aspecto accesorio y secundario del sistema penal, sino, por el contrario, como su raz\u00f3n culminante y calificativa\u201d.<\/p>\n<p align=\"justify\">\u201cCuando se trata de &#8220;hacer justicia&#8221;, no es suficiente que la persona que es declarada culpable de un delito sea simplemente castigada, es necesario que, ese castigo, lleve aparejado una acci\u00f3n encaminada a (&#8230;) mejorarla. Cuando no es as\u00ed, la justicia no se cumple en sentido integral. En cualquier caso, hay que esforzarse para evitar que una detenci\u00f3n, en la que haya fracasado la funci\u00f3n educativa, se convierta en un castigo no educativo, lo cual, parad\u00f3jicamente, acentuar\u00eda en lugar de contrastar, la inclinaci\u00f3n a cometer un delito y la peligrosidad social de la persona.\u201d<\/p>\n<p align=\"justify\">El Papa ha recordado a los directores de prisiones y a cuantos colaboran con ellos en el \u00e1mbito judicial y social que pueden contribuir \u201cde forma significativa a la promoci\u00f3n de esta justicia &#8220;m\u00e1s verdadera\u201d y \u201cabierta a la fuerza liberadora del amor&#8221; (&#8230;) El contacto con los que han cometido culpas que expiar y el compromiso necesario para devolver la dignidad y la esperanza a aquellos que, a menudo, ya han sufrido la exclusi\u00f3n y el desprecio recuerdan la misi\u00f3n de Cristo, que no vino a llamar a los justos, sino a los pecadores, destinatarios privilegiados de la misericordia de Dios\u201d.<\/p>\n<p align=\"justify\">\u201cCada persona &#8211; ha recalcado- est\u00e1 llamada a ser el guardi\u00e1n de su hermano, para superar la indiferencia homicida de Ca\u00edn. A vosotros, se os pide, en particular, que custodi\u00e9is a aquellos que, en condiciones de detenci\u00f3n, pueden perder f\u00e1cilmente el sentido de la vida y el valor de la dignidad personal, cediendo a la desaliento y la desesperaci\u00f3n. El profundo respeto por el individuo, la tarea de rehabilitaci\u00f3n de los presos, la creaci\u00f3n de una comunidad educativa verdadera se hace a\u00fan m\u00e1s urgente teniendo en cuenta la creciente presencia de &#8220;detenidos extranjeros&#8221;, a menudo en circunstancias dif\u00edciles y de fragilidad\u201d.<\/p>\n<p align=\"justify\">En este sentido -ha indicado el Santo Padre- es muy importante la promoci\u00f3n de actividades de evangelizaci\u00f3n y de asistencia espiritual, capaces de suscitar en los detenidos, sus aspectos m\u00e1s nobles y profundos, despertando en ellos el entusiasmo por la vida y el deseo de belleza que caracterizan a los que llevan grabada en ellos, de forma indeleble, la imagen de Dios\u201d.<\/p>\n<p align=\"justify\">&nbsp;<\/p>\n<p align=\"right\">Ciudad del Vaticano, 22 noviembre 2012 (VIS).-<\/p>\n","protected":false},"excerpt":{"rendered":"<p>\u201cLa rehabilitaci\u00f3n del detenido es la funci\u00f3n culminante del sistema penal\u201d Benedicto XVI ha recibido esta ma\u00f1ana a los participantes en la XVII Conferencia de los directores de las administraciones penitenciarias del Consejo de Europa. En el discurso que les ha dirigido, el Santo Padre ha observado como \u201clos temas de la justicia penal son &hellip; <a href=\"https:\/\/www.biblia.work\/sermones\/benedicto-xvi-en-xvii-conferencia-de-los-directores-de-las-administraciones-penitenciarias-del-consejo-de-europa\/\" class=\"more-link\">Continuar leyendo<span class=\"screen-reader-text\"> \u00abBenedicto XVI en XVII Conferencia de los directores de las administraciones penitenciarias del Consejo de Europa\u00bb<\/span><\/a><\/p>\n","protected":false},"author":1,"featured_media":0,"comment_status":"open","ping_status":"closed","sticky":false,"template":"","format":"standard","meta":{"footnotes":""},"categories":[1],"tags":[],"class_list":["post-38600","post","type-post","status-publish","format-standard","hentry","category-general"],"_links":{"self":[{"href":"https:\/\/www.biblia.work\/sermones\/wp-json\/wp\/v2\/posts\/38600","targetHints":{"allow":["GET"]}}],"collection":[{"href":"https:\/\/www.biblia.work\/sermones\/wp-json\/wp\/v2\/posts"}],"about":[{"href":"https:\/\/www.biblia.work\/sermones\/wp-json\/wp\/v2\/types\/post"}],"author":[{"embeddable":true,"href":"https:\/\/www.biblia.work\/sermones\/wp-json\/wp\/v2\/users\/1"}],"replies":[{"embeddable":true,"href":"https:\/\/www.biblia.work\/sermones\/wp-json\/wp\/v2\/comments?post=38600"}],"version-history":[{"count":0,"href":"https:\/\/www.biblia.work\/sermones\/wp-json\/wp\/v2\/posts\/38600\/revisions"}],"wp:attachment":[{"href":"https:\/\/www.biblia.work\/sermones\/wp-json\/wp\/v2\/media?parent=38600"}],"wp:term":[{"taxonomy":"category","embeddable":true,"href":"https:\/\/www.biblia.work\/sermones\/wp-json\/wp\/v2\/categories?post=38600"},{"taxonomy":"post_tag","embeddable":true,"href":"https:\/\/www.biblia.work\/sermones\/wp-json\/wp\/v2\/tags?post=38600"}],"curies":[{"name":"wp","href":"https:\/\/api.w.org\/{rel}","templated":true}]}}