{"id":38601,"date":"2016-06-21T18:07:23","date_gmt":"2016-06-21T23:07:23","guid":{"rendered":"http:\/\/www.biblia.work\/sermones\/en-la-catequesis-de-la-audiencia-del-miercoles-21-de-noviembre-el-papa-da-las-gracias-a-las-religiosas-de-clausura\/"},"modified":"2016-06-21T18:07:23","modified_gmt":"2016-06-21T23:07:23","slug":"en-la-catequesis-de-la-audiencia-del-miercoles-21-de-noviembre-el-papa-da-las-gracias-a-las-religiosas-de-clausura","status":"publish","type":"post","link":"https:\/\/www.biblia.work\/sermones\/en-la-catequesis-de-la-audiencia-del-miercoles-21-de-noviembre-el-papa-da-las-gracias-a-las-religiosas-de-clausura\/","title":{"rendered":"En la catequesis de la audiencia del mi\u00e9rcoles 21 de noviembre el Papa da las gracias a las religiosas de clausura"},"content":{"rendered":"<p align=\"justify\">Al final de la catequesis el Papa ha recordado que hoy, memoria lit\u00fargica de la Presentaci\u00f3n de la Virgen Mar\u00eda en el templo, se celebra la Jornada de las Religiosas de Clausura.<\/p>\n<p align=\"justify\">\u201cA las hermanas llamadas del Se\u00f1or a la vida contemplativa -ha dicho- quiero asegurar mi cercan\u00eda especial y la de toda la comunidad eclesial. Al mismo tiempo, renuevo a todos los cristianos la invitaci\u00f3n para que no falte en los monasterios de clausura la ayuda espiritual y material necesaria. \u00a1Debemos mucho, efectivamente, a estas personas que se consagran enteramente a la oraci\u00f3n por la Iglesia y por el mundo!\u201d.<\/p>\n<p align=\"right\">Ciudad del Vaticano, 21 noviembre 2012 (VIS).-<\/p>\n","protected":false},"excerpt":{"rendered":"<p>Al final de la catequesis el Papa ha recordado que hoy, memoria lit\u00fargica de la Presentaci\u00f3n de la Virgen Mar\u00eda en el templo, se celebra la Jornada de las Religiosas de Clausura. \u201cA las hermanas llamadas del Se\u00f1or a la vida contemplativa -ha dicho- quiero asegurar mi cercan\u00eda especial y la de toda la comunidad &hellip; <a href=\"https:\/\/www.biblia.work\/sermones\/en-la-catequesis-de-la-audiencia-del-miercoles-21-de-noviembre-el-papa-da-las-gracias-a-las-religiosas-de-clausura\/\" class=\"more-link\">Continuar leyendo<span class=\"screen-reader-text\"> \u00abEn la catequesis de la audiencia del mi\u00e9rcoles 21 de noviembre el Papa da las gracias a las religiosas de clausura\u00bb<\/span><\/a><\/p>\n","protected":false},"author":1,"featured_media":0,"comment_status":"open","ping_status":"closed","sticky":false,"template":"","format":"standard","meta":{"footnotes":""},"categories":[1],"tags":[],"class_list":["post-38601","post","type-post","status-publish","format-standard","hentry","category-general"],"_links":{"self":[{"href":"https:\/\/www.biblia.work\/sermones\/wp-json\/wp\/v2\/posts\/38601","targetHints":{"allow":["GET"]}}],"collection":[{"href":"https:\/\/www.biblia.work\/sermones\/wp-json\/wp\/v2\/posts"}],"about":[{"href":"https:\/\/www.biblia.work\/sermones\/wp-json\/wp\/v2\/types\/post"}],"author":[{"embeddable":true,"href":"https:\/\/www.biblia.work\/sermones\/wp-json\/wp\/v2\/users\/1"}],"replies":[{"embeddable":true,"href":"https:\/\/www.biblia.work\/sermones\/wp-json\/wp\/v2\/comments?post=38601"}],"version-history":[{"count":0,"href":"https:\/\/www.biblia.work\/sermones\/wp-json\/wp\/v2\/posts\/38601\/revisions"}],"wp:attachment":[{"href":"https:\/\/www.biblia.work\/sermones\/wp-json\/wp\/v2\/media?parent=38601"}],"wp:term":[{"taxonomy":"category","embeddable":true,"href":"https:\/\/www.biblia.work\/sermones\/wp-json\/wp\/v2\/categories?post=38601"},{"taxonomy":"post_tag","embeddable":true,"href":"https:\/\/www.biblia.work\/sermones\/wp-json\/wp\/v2\/tags?post=38601"}],"curies":[{"name":"wp","href":"https:\/\/api.w.org\/{rel}","templated":true}]}}