{"id":38602,"date":"2016-06-21T18:07:27","date_gmt":"2016-06-21T23:07:27","guid":{"rendered":"http:\/\/www.biblia.work\/sermones\/saludos-del-papa-en-distintos-idiomas-tras-la-catequesis-de-la-audiencia-general-miercoles-21-11-2012\/"},"modified":"2016-06-21T18:07:27","modified_gmt":"2016-06-21T23:07:27","slug":"saludos-del-papa-en-distintos-idiomas-tras-la-catequesis-de-la-audiencia-general-miercoles-21-11-2012","status":"publish","type":"post","link":"https:\/\/www.biblia.work\/sermones\/saludos-del-papa-en-distintos-idiomas-tras-la-catequesis-de-la-audiencia-general-miercoles-21-11-2012\/","title":{"rendered":"Saludos del Papa en distintos idiomas tras la catequesis de la audiencia general mi\u00e9rcoles 21-11-2012"},"content":{"rendered":"<p align=\"justify\">Al saludar los <strong>peregrinos polacos<\/strong> que participaron en esta audiencia Benedicto XVI dio su bienvenida a los participantes en la peregrinaci\u00f3n nacional de los Forestales polacos; a quienes les dese\u00f3 que su trabajo contribuya a la conservaci\u00f3n de la belleza de la naturaleza. Tambi\u00e9n salud\u00f3 al grupo de los diversamente h\u00e1biles junto a quienes los asisten, pertenecientes al Grupo de las Escuelas de \u201cdon Tischner\u201d de Toru\u0144. Y formul\u00f3 votos para que la bienaventurada Virgen Mar\u00eda, de quien recordamos su presentaci\u00f3n al templo, sea para todos \u201cmodelo del abandono en Dios y del cumplimiento de su voluntad\u201d.<\/p>\n<p align=\"justify\">El Santo Padre tambi\u00e9n afirm\u00f3 que reza por todas las personas de <strong>lengua \u00e1rabe<\/strong>, a quienes dese\u00f3 la bendici\u00f3n de Dios.<\/p>\n<p align=\"justify\">A los<strong> peregrinos eslovaco<\/strong>s, especialmente a los de Bratislava, Nitra y Ro\u017e\u0148ava, el Obispo de Roma les record\u00f3 que el domingo 18 de noviembre, en las Bas\u00edlicas Papales de los Santos Ap\u00f3stoles Pedro y Pablo se celebr\u00f3 la fiesta de la Dedicaci\u00f3n. Por esta raz\u00f3n, antes de bendecirlos, les dese\u00f3 que su visita a estas antiguas iglesias los ayude a profundizar su amor por la Iglesia fundada en los Ap\u00f3stoles.<\/p>\n<p align=\"justify\">De la misma manera el Santo Padre salud\u00f3 con alegr\u00eda a los <strong>peregrinos croatas<\/strong>, especialmente a los miembros de la Compa\u00f1\u00eda art\u00edstico-cultural \u201cOki\u0107ka Tre\u0161nja\u201d, as\u00ed como a los miembros de la uni\u00f3n de la Sangre de Cristo, a quienes les dese\u00f3 que \u201cCristo Rey, cuya venida en la fe y en la esperanza esperamos con alegr\u00eda, los bendiga y proteja, a ellos y a sus familias.<\/p>\n<p align=\"justify\">En esta ocasi\u00f3n el Pont\u00edfice tambi\u00e9n dirigi\u00f3 unas palabras de coraz\u00f3n a los <strong>peregrinos lituanos<\/strong>, de modo particular al coro mixto \u201cDerm\u0117\u201d de \u0160irvintai, a quienes les dese\u00f3 que su orante visita a la Ciudad de los Ap\u00f3stoles y de los M\u00e1rtires refuerce sus pasos en el camino cotidiano de la fe.<\/p>\n<p align=\"justify\">Hablando en<strong> italiano<\/strong> y como es costumbre, el Santo Padre salud\u00f3 con afecto a los enfermos, reci\u00e9n casados y j\u00f3venes presentes en esta audiencia, especialmente a los alumnos de la Escuela Beata Mar\u00eda Cristina Brando, de Casoria. Y al recordar que el pr\u00f3ximo domingo, \u00faltimo del Tiempo ordinario, celebraremos la solemnidad de Cristo Rey del universo, Benedicto XVI dese\u00f3 a los j\u00f3venes que pongan a Jes\u00fas en el centro de sus vidas, para recibir de \u00c9l luz y valor en cada elecci\u00f3n cotidiana. Que Cristo, \u201cque hizo de la Cruz un trono regale, les ense\u00f1e a ustedes, queridos enfermos \u2013 les dijo el Papa \u2013 a comprender el valor redentor del sufrimiento vivido en uni\u00f3n con \u00c9l\u201d. Mientras a los reci\u00e9n casados les dese\u00f3 que reconozcan la presencia del Se\u00f1or en su camino matrimonial, de modo que participen en la construcci\u00f3n de su Reino de amor y de paz.<\/p>\n<p align=\"justify\">Y teniendo en cuenta que hoy celebramos la memoria lit\u00fargica de la <strong>Presentaci\u00f3n de la Bienaventurada Virgen Mar\u00eda al Templo<\/strong>, el Papa record\u00f3 que tambi\u00e9n se celebra la Jornada por las claustrales. Por esta raz\u00f3n asegur\u00f3 a las hermanas llamadas por el Se\u00f1or a la vida contemplativa su especial cercan\u00eda junto a la de la entera Comunidad eclesial. \u201cRenuevo al mismo tiempo la invitaci\u00f3n a todos los cristianos a fin de que no hagamos faltar a los monasterios de clausura el necesario apoyo espiritual y material. \u00a1En efecto \u2013dijo el Santo Padre \u2013 tanto debemos a estas personas que se consagran totalmente a la oraci\u00f3n por la Iglesia y por el mundo!<br \/>\n(Mar\u00eda Fernanda Bernasconi \u2013 RV).<\/p>\n","protected":false},"excerpt":{"rendered":"<p>Al saludar los peregrinos polacos que participaron en esta audiencia Benedicto XVI dio su bienvenida a los participantes en la peregrinaci\u00f3n nacional de los Forestales polacos; a quienes les dese\u00f3 que su trabajo contribuya a la conservaci\u00f3n de la belleza de la naturaleza. Tambi\u00e9n salud\u00f3 al grupo de los diversamente h\u00e1biles junto a quienes los &hellip; <a href=\"https:\/\/www.biblia.work\/sermones\/saludos-del-papa-en-distintos-idiomas-tras-la-catequesis-de-la-audiencia-general-miercoles-21-11-2012\/\" class=\"more-link\">Continuar leyendo<span class=\"screen-reader-text\"> \u00abSaludos del Papa en distintos idiomas tras la catequesis de la audiencia general mi\u00e9rcoles 21-11-2012\u00bb<\/span><\/a><\/p>\n","protected":false},"author":1,"featured_media":0,"comment_status":"open","ping_status":"closed","sticky":false,"template":"","format":"standard","meta":{"footnotes":""},"categories":[1],"tags":[],"class_list":["post-38602","post","type-post","status-publish","format-standard","hentry","category-general"],"_links":{"self":[{"href":"https:\/\/www.biblia.work\/sermones\/wp-json\/wp\/v2\/posts\/38602","targetHints":{"allow":["GET"]}}],"collection":[{"href":"https:\/\/www.biblia.work\/sermones\/wp-json\/wp\/v2\/posts"}],"about":[{"href":"https:\/\/www.biblia.work\/sermones\/wp-json\/wp\/v2\/types\/post"}],"author":[{"embeddable":true,"href":"https:\/\/www.biblia.work\/sermones\/wp-json\/wp\/v2\/users\/1"}],"replies":[{"embeddable":true,"href":"https:\/\/www.biblia.work\/sermones\/wp-json\/wp\/v2\/comments?post=38602"}],"version-history":[{"count":0,"href":"https:\/\/www.biblia.work\/sermones\/wp-json\/wp\/v2\/posts\/38602\/revisions"}],"wp:attachment":[{"href":"https:\/\/www.biblia.work\/sermones\/wp-json\/wp\/v2\/media?parent=38602"}],"wp:term":[{"taxonomy":"category","embeddable":true,"href":"https:\/\/www.biblia.work\/sermones\/wp-json\/wp\/v2\/categories?post=38602"},{"taxonomy":"post_tag","embeddable":true,"href":"https:\/\/www.biblia.work\/sermones\/wp-json\/wp\/v2\/tags?post=38602"}],"curies":[{"name":"wp","href":"https:\/\/api.w.org\/{rel}","templated":true}]}}