{"id":38603,"date":"2016-06-21T18:07:31","date_gmt":"2016-06-21T23:07:31","guid":{"rendered":"http:\/\/www.biblia.work\/sermones\/el-gozo-de-creer-y-de-transmitir-la-fe-sintesis-en-espanol-de-la-catequesis-del-papa-audiencia-general-miercoles-21-noviembre-2012\/"},"modified":"2016-06-21T18:07:31","modified_gmt":"2016-06-21T23:07:31","slug":"el-gozo-de-creer-y-de-transmitir-la-fe-sintesis-en-espanol-de-la-catequesis-del-papa-audiencia-general-miercoles-21-noviembre-2012","status":"publish","type":"post","link":"https:\/\/www.biblia.work\/sermones\/el-gozo-de-creer-y-de-transmitir-la-fe-sintesis-en-espanol-de-la-catequesis-del-papa-audiencia-general-miercoles-21-noviembre-2012\/","title":{"rendered":"El gozo de creer y de transmitir la fe: s\u00edntesis en espa\u00f1ol de la catequesis del Papa, audiencia general mi\u00e9rcoles 21 noviembre 2012"},"content":{"rendered":"<p style=\"text-align: left;\">Avanzamos en este A\u00f1o de la fe llevando en el coraz\u00f3n la esperanza de redescubrir el gozo de creer y el entusiasmo de comunicar a todos la verdad de la fe. \u00c9sta conduce a descubrir que el encuentro con Dios valoriza, perfecciona y eleva lo que hay de verdadero, bueno y bello en el hombre. Nos permite conocer a Dios en el encuentro personal, pues \u00c9l se ha revelado a s\u00ed mismo y no se ha limitado a darnos una informaci\u00f3n sobre \u00c9l.<\/p>\n<p style=\"text-align: left;\">De este modo abre el coraz\u00f3n y la mente humana a horizontes nuevos, inconmensurables e infinitos. La fe no es ciega, trata de entender y demostrar que es razonable. Por eso es un impulso para la raz\u00f3n y la ciencia, porque abre sus ojos a una realidad m\u00e1s grande, que permite conocer mejor el verdadero ser del hombre en su integridad. Fe y raz\u00f3n se necesitan y complementan, no s\u00f3lo para una comprensi\u00f3n meramente intelectual sino tambi\u00e9n para alimentar verdaderas esperanzas en la humanidad y orientar las actividades hac\u00eda la promoci\u00f3n del bien de todos. El testimonio de quienes nos han precedido y han dedicado su vida al Evangelio siempre lo confirma: es razonable creer.<em><br \/>\n<\/em><br \/>\nAl saludar en nuestro idioma a los peregrinos procedentes de Am\u00e9rica Latina y de Espa\u00f1a el Papa los invit\u00f3 a descubrir en nuestro Se\u00f1or el sentido de la existencia y el fundamento de nuestra libertad:<\/p>\n<p style=\"text-align: left;\"><em>Saludo a los peregrinos de lengua espa\u00f1ola, en particular a los grupos provenientes de Espa\u00f1a, M\u00e9xico y otros pa\u00edses latinoamericanos. Invito a todos a descubrir en Cristo el sentido de la existencia y el fundamento de la verdadera libertad. Muchas gracias.<\/em><\/p>\n<p align=\"justify\">&nbsp;<\/p>\n","protected":false},"excerpt":{"rendered":"<p>Avanzamos en este A\u00f1o de la fe llevando en el coraz\u00f3n la esperanza de redescubrir el gozo de creer y el entusiasmo de comunicar a todos la verdad de la fe. \u00c9sta conduce a descubrir que el encuentro con Dios valoriza, perfecciona y eleva lo que hay de verdadero, bueno y bello en el hombre. &hellip; <a href=\"https:\/\/www.biblia.work\/sermones\/el-gozo-de-creer-y-de-transmitir-la-fe-sintesis-en-espanol-de-la-catequesis-del-papa-audiencia-general-miercoles-21-noviembre-2012\/\" class=\"more-link\">Continuar leyendo<span class=\"screen-reader-text\"> \u00abEl gozo de creer y de transmitir la fe: s\u00edntesis en espa\u00f1ol de la catequesis del Papa, audiencia general mi\u00e9rcoles 21 noviembre 2012\u00bb<\/span><\/a><\/p>\n","protected":false},"author":1,"featured_media":0,"comment_status":"open","ping_status":"closed","sticky":false,"template":"","format":"standard","meta":{"footnotes":""},"categories":[1],"tags":[],"class_list":["post-38603","post","type-post","status-publish","format-standard","hentry","category-general"],"_links":{"self":[{"href":"https:\/\/www.biblia.work\/sermones\/wp-json\/wp\/v2\/posts\/38603","targetHints":{"allow":["GET"]}}],"collection":[{"href":"https:\/\/www.biblia.work\/sermones\/wp-json\/wp\/v2\/posts"}],"about":[{"href":"https:\/\/www.biblia.work\/sermones\/wp-json\/wp\/v2\/types\/post"}],"author":[{"embeddable":true,"href":"https:\/\/www.biblia.work\/sermones\/wp-json\/wp\/v2\/users\/1"}],"replies":[{"embeddable":true,"href":"https:\/\/www.biblia.work\/sermones\/wp-json\/wp\/v2\/comments?post=38603"}],"version-history":[{"count":0,"href":"https:\/\/www.biblia.work\/sermones\/wp-json\/wp\/v2\/posts\/38603\/revisions"}],"wp:attachment":[{"href":"https:\/\/www.biblia.work\/sermones\/wp-json\/wp\/v2\/media?parent=38603"}],"wp:term":[{"taxonomy":"category","embeddable":true,"href":"https:\/\/www.biblia.work\/sermones\/wp-json\/wp\/v2\/categories?post=38603"},{"taxonomy":"post_tag","embeddable":true,"href":"https:\/\/www.biblia.work\/sermones\/wp-json\/wp\/v2\/tags?post=38603"}],"curies":[{"name":"wp","href":"https:\/\/api.w.org\/{rel}","templated":true}]}}