{"id":38604,"date":"2016-06-21T18:07:33","date_gmt":"2016-06-21T23:07:33","guid":{"rendered":"http:\/\/www.biblia.work\/sermones\/llamamiento-a-la-paz-del-papa-benedicto-xvi-a-palestinos-e-israelies-ante-la-escalada-de-violencia-en-gaza\/"},"modified":"2016-06-21T18:07:33","modified_gmt":"2016-06-21T23:07:33","slug":"llamamiento-a-la-paz-del-papa-benedicto-xvi-a-palestinos-e-israelies-ante-la-escalada-de-violencia-en-gaza","status":"publish","type":"post","link":"https:\/\/www.biblia.work\/sermones\/llamamiento-a-la-paz-del-papa-benedicto-xvi-a-palestinos-e-israelies-ante-la-escalada-de-violencia-en-gaza\/","title":{"rendered":"Llamamiento a la paz del Papa Benedicto XVI a palestinos e israel\u00edes ante la escalada de violencia en Gaza"},"content":{"rendered":"<p align=\"justify\">Sigo con grave preocupaci\u00f3n el agravarse de la violencia entre israel\u00edes y palestinos en la Franja de Gaza. Junto al recuerdo orante por las v\u00edctimas y por quienes sufren, siento el deber de reafirmar, una vez m\u00e1s, que el odio y la violencia no son la soluci\u00f3n de los problemas. Adem\u00e1s, animo las iniciativas y los esfuerzos de cuantos est\u00e1n tratando de obtener una tregua y de promover la negociaci\u00f3n.<\/p>\n<p align=\"justify\">\nExhorto tambi\u00e9n a las Autoridades de ambas partes a adoptar decisiones valerosas a favor de la paz y a poner fin a un conflicto con repercusiones negativas en toda la regi\u00f3n medio-oriental, atormentada por demasiados choques y necesitada de paz y de reconciliaci\u00f3n.<\/p>\n","protected":false},"excerpt":{"rendered":"<p>Sigo con grave preocupaci\u00f3n el agravarse de la violencia entre israel\u00edes y palestinos en la Franja de Gaza. Junto al recuerdo orante por las v\u00edctimas y por quienes sufren, siento el deber de reafirmar, una vez m\u00e1s, que el odio y la violencia no son la soluci\u00f3n de los problemas. Adem\u00e1s, animo las iniciativas y &hellip; <a href=\"https:\/\/www.biblia.work\/sermones\/llamamiento-a-la-paz-del-papa-benedicto-xvi-a-palestinos-e-israelies-ante-la-escalada-de-violencia-en-gaza\/\" class=\"more-link\">Continuar leyendo<span class=\"screen-reader-text\"> \u00abLlamamiento a la paz del Papa Benedicto XVI a palestinos e israel\u00edes ante la escalada de violencia en Gaza\u00bb<\/span><\/a><\/p>\n","protected":false},"author":1,"featured_media":0,"comment_status":"open","ping_status":"closed","sticky":false,"template":"","format":"standard","meta":{"footnotes":""},"categories":[1],"tags":[],"class_list":["post-38604","post","type-post","status-publish","format-standard","hentry","category-general"],"_links":{"self":[{"href":"https:\/\/www.biblia.work\/sermones\/wp-json\/wp\/v2\/posts\/38604","targetHints":{"allow":["GET"]}}],"collection":[{"href":"https:\/\/www.biblia.work\/sermones\/wp-json\/wp\/v2\/posts"}],"about":[{"href":"https:\/\/www.biblia.work\/sermones\/wp-json\/wp\/v2\/types\/post"}],"author":[{"embeddable":true,"href":"https:\/\/www.biblia.work\/sermones\/wp-json\/wp\/v2\/users\/1"}],"replies":[{"embeddable":true,"href":"https:\/\/www.biblia.work\/sermones\/wp-json\/wp\/v2\/comments?post=38604"}],"version-history":[{"count":0,"href":"https:\/\/www.biblia.work\/sermones\/wp-json\/wp\/v2\/posts\/38604\/revisions"}],"wp:attachment":[{"href":"https:\/\/www.biblia.work\/sermones\/wp-json\/wp\/v2\/media?parent=38604"}],"wp:term":[{"taxonomy":"category","embeddable":true,"href":"https:\/\/www.biblia.work\/sermones\/wp-json\/wp\/v2\/categories?post=38604"},{"taxonomy":"post_tag","embeddable":true,"href":"https:\/\/www.biblia.work\/sermones\/wp-json\/wp\/v2\/tags?post=38604"}],"curies":[{"name":"wp","href":"https:\/\/api.w.org\/{rel}","templated":true}]}}