{"id":38605,"date":"2016-06-21T18:07:42","date_gmt":"2016-06-21T23:07:42","guid":{"rendered":"http:\/\/www.biblia.work\/sermones\/hoy-miercoles-21-de-noviembre-sale-a-la-venta-en-espana-tercer-volumen-de-los-libros-escritos-por-joseph-ratzinger-sobre-la-vida-de-jesus\/"},"modified":"2016-06-21T18:07:42","modified_gmt":"2016-06-21T23:07:42","slug":"hoy-miercoles-21-de-noviembre-sale-a-la-venta-en-espana-tercer-volumen-de-los-libros-escritos-por-joseph-ratzinger-sobre-la-vida-de-jesus","status":"publish","type":"post","link":"https:\/\/www.biblia.work\/sermones\/hoy-miercoles-21-de-noviembre-sale-a-la-venta-en-espana-tercer-volumen-de-los-libros-escritos-por-joseph-ratzinger-sobre-la-vida-de-jesus\/","title":{"rendered":"Hoy, mi\u00e9rcoles 21 de noviembre, sale a la venta en Espa\u00f1a tercer volumen de los libros escritos por Joseph Ratzinger sobre la vida de Jes\u00fas"},"content":{"rendered":"<p align=\"justify\">&nbsp;<\/p>\n<p align=\"justify\">\u00abFinalmente puedo entregar a las manos de los lectores el libro prometido desde hace largo tiempo sobre los relatos de la infancia de Jes\u00fas. No se trata de un tercer volumen sino algo as\u00ed como una antesala a los dos vol\u00famenes precedentes sobre la figura y el mensaje de Jes\u00fas de Nazaret.\u00bb JOSEPH RATZINGER-BENEDICTO XVI<br \/>\nEsta nueva y esperada obra de Benedicto XVI trata sobre el origen, la infancia y la juventud de Jes\u00fas, y reviste una gran importancia desde el punto de vista teol\u00f3gico e hist\u00f3rico. En sus p\u00e1ginas se analizan temas capitales del catolicismo como la Anunciaci\u00f3n de Mar\u00eda, el Nacimiento de Jes\u00fas, la visita de los Reyes Magos o la pobreza del lugar del nacimiento.<br \/>\n<strong><em><br \/>\n<\/em><\/strong><strong><em><em>La infancia de Jes\u00fas<\/em><\/em><\/strong> completa los dos vol\u00famenes precedentes escritos por Benedicto XVI \u2014<em> Jes\u00fas de Nazaret. Del Bautismo a la Transfiguraci\u00f3n<\/em> (2007) y <em>Jes\u00fas de Nazaret. Desde la entrada en Jerusal\u00e9n hasta la Resurrecci\u00f3n<\/em> (2011)\u2014, por lo que en este caso supone la antesala de los dos libros anteriores sobre la vida, la muerte y la resurrecci\u00f3n de Cristo.<br \/>\n<strong><br \/>\n<\/strong><strong><strong>Joseph Ratzinger <\/strong><\/strong>naci\u00f3 en Marktl am Inn, Alemania, el 16 de abril de 1927. Ordenado sacerdote en 1951, fue elegido arzobispo de M\u00fanich y Freising en 1977, y designado cardenal, y en 1981 fue nombrado prefecto de la Congregaci\u00f3n para la Doctrina de la Fe por Juan Pablo II. El 19 de abril de 2005 fue elegido papa, escogiendo como nombre Benedicto XVI. Los dos vol\u00famenes de su obra teol\u00f3gica y pastoral fundamental son: <em>Jes\u00fas de Nazaret. Del Bautismo a la Transfiguraci\u00f3n <\/em>(2007) y <em>Jes\u00fas de Nazaret: Desde la entrada en Jerusal\u00e9n a la Resurrecci\u00f3n <\/em>(2011).<\/p>\n<p align=\"justify\">\n","protected":false},"excerpt":{"rendered":"<p>&nbsp; \u00abFinalmente puedo entregar a las manos de los lectores el libro prometido desde hace largo tiempo sobre los relatos de la infancia de Jes\u00fas. No se trata de un tercer volumen sino algo as\u00ed como una antesala a los dos vol\u00famenes precedentes sobre la figura y el mensaje de Jes\u00fas de Nazaret.\u00bb JOSEPH RATZINGER-BENEDICTO &hellip; <a href=\"https:\/\/www.biblia.work\/sermones\/hoy-miercoles-21-de-noviembre-sale-a-la-venta-en-espana-tercer-volumen-de-los-libros-escritos-por-joseph-ratzinger-sobre-la-vida-de-jesus\/\" class=\"more-link\">Continuar leyendo<span class=\"screen-reader-text\"> \u00abHoy, mi\u00e9rcoles 21 de noviembre, sale a la venta en Espa\u00f1a tercer volumen de los libros escritos por Joseph Ratzinger sobre la vida de Jes\u00fas\u00bb<\/span><\/a><\/p>\n","protected":false},"author":1,"featured_media":0,"comment_status":"open","ping_status":"closed","sticky":false,"template":"","format":"standard","meta":{"footnotes":""},"categories":[1],"tags":[],"class_list":["post-38605","post","type-post","status-publish","format-standard","hentry","category-general"],"_links":{"self":[{"href":"https:\/\/www.biblia.work\/sermones\/wp-json\/wp\/v2\/posts\/38605","targetHints":{"allow":["GET"]}}],"collection":[{"href":"https:\/\/www.biblia.work\/sermones\/wp-json\/wp\/v2\/posts"}],"about":[{"href":"https:\/\/www.biblia.work\/sermones\/wp-json\/wp\/v2\/types\/post"}],"author":[{"embeddable":true,"href":"https:\/\/www.biblia.work\/sermones\/wp-json\/wp\/v2\/users\/1"}],"replies":[{"embeddable":true,"href":"https:\/\/www.biblia.work\/sermones\/wp-json\/wp\/v2\/comments?post=38605"}],"version-history":[{"count":0,"href":"https:\/\/www.biblia.work\/sermones\/wp-json\/wp\/v2\/posts\/38605\/revisions"}],"wp:attachment":[{"href":"https:\/\/www.biblia.work\/sermones\/wp-json\/wp\/v2\/media?parent=38605"}],"wp:term":[{"taxonomy":"category","embeddable":true,"href":"https:\/\/www.biblia.work\/sermones\/wp-json\/wp\/v2\/categories?post=38605"},{"taxonomy":"post_tag","embeddable":true,"href":"https:\/\/www.biblia.work\/sermones\/wp-json\/wp\/v2\/tags?post=38605"}],"curies":[{"name":"wp","href":"https:\/\/api.w.org\/{rel}","templated":true}]}}