{"id":38606,"date":"2016-06-21T18:07:46","date_gmt":"2016-06-21T23:07:46","guid":{"rendered":"http:\/\/www.biblia.work\/sermones\/la-infancia-de-jesus-tercer-libro-de-la-trilogia-de-joseph-ratzinger-cuya-venta-en-espana-comienza-el-miercoles-21-de-noviembre-al-precio-de-17-euros\/"},"modified":"2016-06-21T18:07:46","modified_gmt":"2016-06-21T23:07:46","slug":"la-infancia-de-jesus-tercer-libro-de-la-trilogia-de-joseph-ratzinger-cuya-venta-en-espana-comienza-el-miercoles-21-de-noviembre-al-precio-de-17-euros","status":"publish","type":"post","link":"https:\/\/www.biblia.work\/sermones\/la-infancia-de-jesus-tercer-libro-de-la-trilogia-de-joseph-ratzinger-cuya-venta-en-espana-comienza-el-miercoles-21-de-noviembre-al-precio-de-17-euros\/","title":{"rendered":"La infancia de Jes\u00fas, tercer libro de la trilog\u00eda de Joseph Ratzinger, cuya venta en Espa\u00f1a comienza el mi\u00e9rcoles 21 de noviembre al precio de 17 euros"},"content":{"rendered":"<p align=\"justify\"><strong>\u201cLa infancia de Jes\u00fas\u201d,<\/strong> el tercer volumen de la trilog\u00eda de <strong>Joseph Ratzinger dedicada a Jes\u00fas de Nazaret<\/strong> estar\u00e1 en las librer\u00edas italianas ma\u00f1ana, <strong>21 de noviembre<\/strong>.<\/p>\n<p align=\"justify\">En las librer\u00edas espa\u00f1olas est\u00e1 previsto que el libro, editado por Planeta, salga a la venta\u00a0 tambi\u00e9n el mi\u00e9rcoles 21 de noviembre y al precio de 17 euros.<\/p>\n<p align=\"justify\">El libro, <strong>editado en Italia por Rizzoli y la Librer\u00eda Editorial Vaticana<\/strong>, saldr\u00e1 al mismo tiempo en diversos idiomas (italiano, alem\u00e1n, croata, franc\u00e9s, ingl\u00e9s, polaco, portugu\u00e9s y castellano) y en 50 pa\u00edses; la tirada global de la primera edici\u00f3n supera el mill\u00f3n de copias. En los pr\u00f3ximos meses, el volumen se traducir\u00e1 a veinte idiomas para ser publicado en 72 pa\u00edses.<\/p>\n<p align=\"justify\">Esta ma\u00f1ana, en la Sala P\u00edo X del Vaticano, \u201cLa infancia de Jes\u00fas\u201d se ha presentado a la prensa y han intervenido en el acto el cardenal Gianfranco Ravasi, presidente del Pontificio Consejo para la Cultura; Mar\u00eda Clara Bingemer, profesora de Teolog\u00eda en la Universidad Pontificia Cat\u00f3lica de R\u00edo de Janeiro; el reverendo Giuseppe Costa, director de la Librer\u00eda Editorial Vaticana; Paolo Mieli, presidente de la Rizzoli (RCS) libros y el padre Federico Lombardi, director de la Oficina de Prensa de la Santa Sede.<\/p>\n<p align=\"justify\">El libro, definido por su autor, como una \u201csala de entrada\u201d a la trilog\u00eda sobre Jes\u00fas de Nazaret, tiene 176 p\u00e1ginas y se compone de cuatro cap\u00edtulos, un ep\u00edlogo y una breve premisa. Sigue un resumen de la obra:<\/p>\n<p align=\"justify\">El primer cap\u00edtulo est\u00e1 dedicado a la genealog\u00eda del Salvador en los evangelios de Mateos y Lucas, muy diferentes uno del otro, pero ambos con el mismo significado teol\u00f3gico-simb\u00f3lico: la colocaci\u00f3n de Jes\u00fas en la historia y su origen verdadero como principio, un nuevo inicio en la historia del mundo.<\/p>\n<p align=\"justify\">El tema del segundo cap\u00edtulo es el anuncio del nacimiento de Juan Bautista y el de Jes\u00fas. Joseph Ratzinger, releyendo el di\u00e1logo entre Mar\u00eda y el arc\u00e1ngel Gabriel seg\u00fan el evangelio de Lucas, explica que, a trav\u00e9s de una mujer, Dios busca \u201cuna nueva entrada en el mundo\u201d. Para liberar a la humanidad del pecado, escribe, citando a Bernardo de Claraval, Dios necesita \u201cla obediencia libre\u201d a su voluntad. \u201cCreando la libertad, Dios, de alguna manera se ha hecho dependiente del hombre. Su poder est\u00e1 unido al \u201cs\u00ed\u201d, no forzado, de una persona humana\u201d. Y as\u00ed, solo gracias al asenso de Mar\u00eda puede comenzar la historia de la salvaci\u00f3n.<\/p>\n<p align=\"justify\">El tercer cap\u00edtulo est\u00e1 centrado en el acontecimiento de Bel\u00e9n y en el contexto hist\u00f3rico del nacimiento de Jes\u00fas: el impero romano que -bajo Augusto- se extiende de Oriente a Occidente y, con su dimensi\u00f3n universal permite la entrada en el mundo de un \u201cportador universal de salvaci\u00f3n\u201d es, efectivamente, \u201cla plenitud de los tiempos\u201d. Los elementos del relato del nacimiento est\u00e1n llenos de significado: la pobreza en la cual \u201cel verdadero primog\u00e9nito del universo\u201d elige revelarse, y, \u201cel esplendor c\u00f3smico\u201d que envuelve el pesebre; el amor especial de Dios por los pobres que se manifiesta en el anuncio a los pastores y las palabras del Gloria, objeto de traducciones controvertidas.<\/p>\n<p align=\"justify\">A los Reyes Magos, los sabios que vieron surgir la estrella \u201cdel rey de los jud\u00edos\u201d y fueron a adorarlo y a la fuga a Egipto, est\u00e1 dedicado el cuarto cap\u00edtulo. Las figuras de los \u201cm\u00e1goi\u201d -reconstruidas a trav\u00e9s de una amplia gama de informaciones hist\u00f3rico-ling\u00fc\u00edsticas y cient\u00edficas- est\u00e1n dibujadas como un fascinante emblema de la inquietud, de la b\u00fasqueda y de la expectativa interior del esp\u00edritu humano.<\/p>\n<p align=\"justify\">Por \u00faltimo, el ep\u00edlogo, con el relato -seg\u00fan el evangelio de Lucas- del \u00faltimo episodio de la infancia de Jes\u00fas, de la \u00faltima noticia que tenemos antes del principio de su vida p\u00fablica con el bautismo en el r\u00edo Jord\u00e1n. Es el episodio de los tres d\u00edas, durante la peregrinaci\u00f3n de Pascua, en que Jes\u00fas, con doce a\u00f1os, se aleja de Mar\u00eda y de Jos\u00e9 para quedarse en el Templo de Jerusal\u00e9n discutiendo con los \u201cdoctores\u201d. \u00c9l, que \u201ccrec\u00eda en sabidur\u00eda, edad y gracia\u201d, se manifiesta aqu\u00ed en el misterio de su naturaleza de verdadero Dios y, al mismo tiempo, de verdadero hombre que \u201cpiensa y aprende de modo humano\u201d.<\/p>\n<p align=\"justify\">&nbsp;<\/p>\n<p align=\"right\">Ciudad del Vaticano, 20 noviembre 2012 (VIS)<\/p>\n","protected":false},"excerpt":{"rendered":"<p>\u201cLa infancia de Jes\u00fas\u201d, el tercer volumen de la trilog\u00eda de Joseph Ratzinger dedicada a Jes\u00fas de Nazaret estar\u00e1 en las librer\u00edas italianas ma\u00f1ana, 21 de noviembre. En las librer\u00edas espa\u00f1olas est\u00e1 previsto que el libro, editado por Planeta, salga a la venta\u00a0 tambi\u00e9n el mi\u00e9rcoles 21 de noviembre y al precio de 17 euros. &hellip; <a href=\"https:\/\/www.biblia.work\/sermones\/la-infancia-de-jesus-tercer-libro-de-la-trilogia-de-joseph-ratzinger-cuya-venta-en-espana-comienza-el-miercoles-21-de-noviembre-al-precio-de-17-euros\/\" class=\"more-link\">Continuar leyendo<span class=\"screen-reader-text\"> \u00abLa infancia de Jes\u00fas, tercer libro de la trilog\u00eda de Joseph Ratzinger, cuya venta en Espa\u00f1a comienza el mi\u00e9rcoles 21 de noviembre al precio de 17 euros\u00bb<\/span><\/a><\/p>\n","protected":false},"author":1,"featured_media":0,"comment_status":"open","ping_status":"closed","sticky":false,"template":"","format":"standard","meta":{"footnotes":""},"categories":[1],"tags":[],"class_list":["post-38606","post","type-post","status-publish","format-standard","hentry","category-general"],"_links":{"self":[{"href":"https:\/\/www.biblia.work\/sermones\/wp-json\/wp\/v2\/posts\/38606","targetHints":{"allow":["GET"]}}],"collection":[{"href":"https:\/\/www.biblia.work\/sermones\/wp-json\/wp\/v2\/posts"}],"about":[{"href":"https:\/\/www.biblia.work\/sermones\/wp-json\/wp\/v2\/types\/post"}],"author":[{"embeddable":true,"href":"https:\/\/www.biblia.work\/sermones\/wp-json\/wp\/v2\/users\/1"}],"replies":[{"embeddable":true,"href":"https:\/\/www.biblia.work\/sermones\/wp-json\/wp\/v2\/comments?post=38606"}],"version-history":[{"count":0,"href":"https:\/\/www.biblia.work\/sermones\/wp-json\/wp\/v2\/posts\/38606\/revisions"}],"wp:attachment":[{"href":"https:\/\/www.biblia.work\/sermones\/wp-json\/wp\/v2\/media?parent=38606"}],"wp:term":[{"taxonomy":"category","embeddable":true,"href":"https:\/\/www.biblia.work\/sermones\/wp-json\/wp\/v2\/categories?post=38606"},{"taxonomy":"post_tag","embeddable":true,"href":"https:\/\/www.biblia.work\/sermones\/wp-json\/wp\/v2\/tags?post=38606"}],"curies":[{"name":"wp","href":"https:\/\/api.w.org\/{rel}","templated":true}]}}