{"id":38608,"date":"2016-06-21T18:07:55","date_gmt":"2016-06-21T23:07:55","guid":{"rendered":"http:\/\/www.biblia.work\/sermones\/audiencia-de-benedicto-xvi-al-presidente-de-la-republica-de-benin-thomas-boni-yayi\/"},"modified":"2016-06-21T18:07:55","modified_gmt":"2016-06-21T23:07:55","slug":"audiencia-de-benedicto-xvi-al-presidente-de-la-republica-de-benin-thomas-boni-yayi","status":"publish","type":"post","link":"https:\/\/www.biblia.work\/sermones\/audiencia-de-benedicto-xvi-al-presidente-de-la-republica-de-benin-thomas-boni-yayi\/","title":{"rendered":"Audiencia de Benedicto XVI al presidente de la Rep\u00fablica de Benin, Thomas Boni Yayi"},"content":{"rendered":"<p align=\"justify\">El Santo Padre ha recibido hoy en audiencia a Thomas Boni Yayi, presidente de la Rep\u00fablica de Benin, que sucesivamente se ha encontrado con el cardenal Tarcisio Bertone, Secretario de Estado, a quien acompa\u00f1aba monse\u00f1or Ettore Balestrero, Subsecretario para las Relaciones con los Estados.<\/p>\n<p align=\"justify\">Durante los coloquios, transcurridos en un clima de cordialidad, se ha tomado acto, con agrado, de las buenas relaciones existentes entre la Santa Sede y Benin, recordando, en particular, el viaje apost\u00f3lico del Santo Padre, el a\u00f1o pasado, y la contribuci\u00f3n positiva de la Iglesia cat\u00f3lica en el desarrollo del pa\u00eds.<\/p>\n<p align=\"justify\">Las conversaciones han proseguido abordando los temas del valor de las culturas locales en \u00c1frica y la importancia de la Iglesia en la educaci\u00f3n a la paz y la religi\u00f3n. Por \u00faltimo, se ha pasado revista a algunas problem\u00e1ticas regionales que interesan actualmente el continente y de las que se ocupa el Jefe del Estado, en calidad de Presidente de la Uni\u00f3n Africana.<\/p>\n<p align=\"justify\">&nbsp;<\/p>\n<p align=\"right\">Ciudad del Vaticano, 19 noviembre 2012 (VIS).-<\/p>\n","protected":false},"excerpt":{"rendered":"<p>El Santo Padre ha recibido hoy en audiencia a Thomas Boni Yayi, presidente de la Rep\u00fablica de Benin, que sucesivamente se ha encontrado con el cardenal Tarcisio Bertone, Secretario de Estado, a quien acompa\u00f1aba monse\u00f1or Ettore Balestrero, Subsecretario para las Relaciones con los Estados. Durante los coloquios, transcurridos en un clima de cordialidad, se ha &hellip; <a href=\"https:\/\/www.biblia.work\/sermones\/audiencia-de-benedicto-xvi-al-presidente-de-la-republica-de-benin-thomas-boni-yayi\/\" class=\"more-link\">Continuar leyendo<span class=\"screen-reader-text\"> \u00abAudiencia de Benedicto XVI al presidente de la Rep\u00fablica de Benin, Thomas Boni Yayi\u00bb<\/span><\/a><\/p>\n","protected":false},"author":1,"featured_media":0,"comment_status":"open","ping_status":"closed","sticky":false,"template":"","format":"standard","meta":{"footnotes":""},"categories":[1],"tags":[],"class_list":["post-38608","post","type-post","status-publish","format-standard","hentry","category-general"],"_links":{"self":[{"href":"https:\/\/www.biblia.work\/sermones\/wp-json\/wp\/v2\/posts\/38608","targetHints":{"allow":["GET"]}}],"collection":[{"href":"https:\/\/www.biblia.work\/sermones\/wp-json\/wp\/v2\/posts"}],"about":[{"href":"https:\/\/www.biblia.work\/sermones\/wp-json\/wp\/v2\/types\/post"}],"author":[{"embeddable":true,"href":"https:\/\/www.biblia.work\/sermones\/wp-json\/wp\/v2\/users\/1"}],"replies":[{"embeddable":true,"href":"https:\/\/www.biblia.work\/sermones\/wp-json\/wp\/v2\/comments?post=38608"}],"version-history":[{"count":0,"href":"https:\/\/www.biblia.work\/sermones\/wp-json\/wp\/v2\/posts\/38608\/revisions"}],"wp:attachment":[{"href":"https:\/\/www.biblia.work\/sermones\/wp-json\/wp\/v2\/media?parent=38608"}],"wp:term":[{"taxonomy":"category","embeddable":true,"href":"https:\/\/www.biblia.work\/sermones\/wp-json\/wp\/v2\/categories?post=38608"},{"taxonomy":"post_tag","embeddable":true,"href":"https:\/\/www.biblia.work\/sermones\/wp-json\/wp\/v2\/tags?post=38608"}],"curies":[{"name":"wp","href":"https:\/\/api.w.org\/{rel}","templated":true}]}}