{"id":38612,"date":"2016-06-21T18:08:18","date_gmt":"2016-06-21T23:08:18","guid":{"rendered":"http:\/\/www.biblia.work\/sermones\/el-papa-ante-los-obispos-franceses-recuerda-el-deber-de-la-iglesia-a-hacer-su-voz-en-los-debates-eticos\/"},"modified":"2016-06-21T18:08:18","modified_gmt":"2016-06-21T23:08:18","slug":"el-papa-ante-los-obispos-franceses-recuerda-el-deber-de-la-iglesia-a-hacer-su-voz-en-los-debates-eticos","status":"publish","type":"post","link":"https:\/\/www.biblia.work\/sermones\/el-papa-ante-los-obispos-franceses-recuerda-el-deber-de-la-iglesia-a-hacer-su-voz-en-los-debates-eticos\/","title":{"rendered":"El Papa, ante los obispos franceses, recuerda el deber de la Iglesia a hacer su voz en los debates \u00e9ticos"},"content":{"rendered":"<p align=\"justify\">\u201cVuestro pa\u00eds es rico de una larga historia cristiana que <strong>no puede ser ignorada o disminuida<\/strong>, y que testimonia con elocuencia esta verdad, la cual configura, tambi\u00e9n en nuestros d\u00edas su vocaci\u00f3n singular\u201d, ha dicho el Papa recibiendo a los prelados de la Conferencia Episcopal de Francia en su quinquenal <strong>visita \u201cad Limina\u201d<\/strong><\/p>\n<p>\u201cEl A\u00f1o de la fe &#8211; ha observado el pont\u00edfice- nos permite crecer en la confianza en la fuerza y la riqueza intr\u00ednseca del mensaje del Evangelio.\u00bfCu\u00e1ntas veces hemos visto que son las palabra de fe, esas palabras simples y directas cargadas de la savia de la Palabra divina, las que m\u00e1s tocan los corazones y las mentes e iluminan las decisiones? Hay en ellas palabras y realidades, convicciones fundamentales y formas de pensar que pueden dar esperanza a un mundo sediento de ella\u201d<\/p>\n<p>\u201cEn los debates claves de la sociedad, la voz de la Iglesia debe hacerse escuchar, sin flaqueza y con determinaci\u00f3n. Se hace escuchar respetando la tradici\u00f3n francesa en materia de distinci\u00f3n entre las esferas de competencia de la Iglesia y las del Estado. En este contexto, precisamente, la armon\u00eda que existe entre la fe y la raz\u00f3n os da una seguridad particular : el mensaje de Cristo y de su Iglesia no es s\u00f3lo portador de una identidad religiosa, que requiere ser respetada como tal; aporta una sabidur\u00eda que permite percibir con rectitud cuales son las respuestas concretas a las preguntas m\u00e1s apremiantes, y a veces angustiosas, de la \u00e9poca actual. Ejerciendo, como ya hac\u00e9is, la dimensi\u00f3n prof\u00e9tica de vuestro ministerio episcopal, aport\u00e1is a estos debates una palabra indispensable de verdad que libera y abre el coraz\u00f3n a la esperanza\u201d.<\/p>\n<p>El Papa ha elogiado a continuaci\u00f3n a los numerosos intelectuales franceses, creyentes o no, que \u201cson conscientes de los enormes retos de nuestra \u00e9poca y para los que el mensaje cristiano es un punto de referencia irreemplazable\u201d y ha recordado la vitalidad de las comunidades religiosas, sobre todo mon\u00e1sticas que \u201cenriquecen a la sociedad entera y no solo a la Iglesia\u201d de ese pa\u00eds. Se ha referido, igualmente, a la liturgia, a trav\u00e9s de la cual la Iglesia \u201ccontribuye a la obra civilizadora\u201d, puntualizando que en ese \u00e1mbito \u201c el respeto de las normas establecidas expresa el amor y la fidelidad a la fe de la Iglesia; la belleza de las ceremonias, mucho m\u00e1s que las innovaciones y los ajustes subjetivos, constituye una obra duradera y eficaz de evangelizaci\u00f3n\u201d.<\/p>\n<p>Benedicto XVI, ha abordado tambi\u00e9n la cuesti\u00f3n de la transmisi\u00f3n de la fe a las nuevas generaciones, un tema del que los obispos \u201cno ignoran los desaf\u00edos; sea que se trate de la dificultad unida al pasaje de la fe recibida &#8211; familiar, social -, de la fe personalmente asumida en el umbral de la edad adulta, o m\u00e1s a\u00fan, de la dificultad de una verdadera ruptura en la transmisi\u00f3n, cuando hay sucesivas generaciones que ya viven lejos de la fe. Hay tambi\u00e9n el enorme desaf\u00edo de vivir en una sociedad que no siempre comparte las ense\u00f1anzas de Cristo, y que ,en ocasiones, trata de ridiculizar o marginar a la Iglesia intentando confinarla exclusivamente en la esfera privada. Para hacer frente a estos enormes desaf\u00edos, la Iglesia tiene necesidad de testigos cre\u00edbles\u201d.<\/p>\n<p>\u201cConscientes de la fuerza del ejemplo -ha dicho el Papa a los obispos- sabr\u00e9is encontrar las palabras y gestos para animar a los fieles a encarnar esta &#8220;unidad de vida&#8221;. Deben sentir que su fe los compromete, que representa para ellos una liberaci\u00f3n y no una carga, que la coherencia es fuente de alegr\u00eda y fecundidad . Esto ata\u00f1e tambi\u00e9n a su apego y fidelidad a la ense\u00f1anza moral de la Iglesia, por ejemplo, para mostrar el valor de sus convicciones cristianas, sin arrogancia pero con respeto, en los distintos entornos en los que operan. Los que entre ellos se dedican a la vida p\u00fablica, tienen en este \u00e1mbito, una responsabilidad especial. Junto a los obispos, deben prestar atenci\u00f3n a los proyectos de leyes civiles que puedan atentar a la protecci\u00f3n del matrimonio entre el hombre y la mujer, a la protecci\u00f3n de la vida desde la concepci\u00f3n hasta la muerte, y a la correcta orientaci\u00f3n de la bio\u00e9tica en fidelidad a los documentos magisteriales. Es m\u00e1s necesario que nunca que sean numerosos los cristianos que emprendan el camino del servicio al bien com\u00fan profundizando en la Doctrina Social de la Iglesia\u201d.<\/p>\n","protected":false},"excerpt":{"rendered":"<p>\u201cVuestro pa\u00eds es rico de una larga historia cristiana que no puede ser ignorada o disminuida, y que testimonia con elocuencia esta verdad, la cual configura, tambi\u00e9n en nuestros d\u00edas su vocaci\u00f3n singular\u201d, ha dicho el Papa recibiendo a los prelados de la Conferencia Episcopal de Francia en su quinquenal visita \u201cad Limina\u201d \u201cEl A\u00f1o &hellip; <a href=\"https:\/\/www.biblia.work\/sermones\/el-papa-ante-los-obispos-franceses-recuerda-el-deber-de-la-iglesia-a-hacer-su-voz-en-los-debates-eticos\/\" class=\"more-link\">Continuar leyendo<span class=\"screen-reader-text\"> \u00abEl Papa, ante los obispos franceses, recuerda el deber de la Iglesia a hacer su voz en los debates \u00e9ticos\u00bb<\/span><\/a><\/p>\n","protected":false},"author":1,"featured_media":0,"comment_status":"open","ping_status":"closed","sticky":false,"template":"","format":"standard","meta":{"footnotes":""},"categories":[1],"tags":[],"class_list":["post-38612","post","type-post","status-publish","format-standard","hentry","category-general"],"_links":{"self":[{"href":"https:\/\/www.biblia.work\/sermones\/wp-json\/wp\/v2\/posts\/38612","targetHints":{"allow":["GET"]}}],"collection":[{"href":"https:\/\/www.biblia.work\/sermones\/wp-json\/wp\/v2\/posts"}],"about":[{"href":"https:\/\/www.biblia.work\/sermones\/wp-json\/wp\/v2\/types\/post"}],"author":[{"embeddable":true,"href":"https:\/\/www.biblia.work\/sermones\/wp-json\/wp\/v2\/users\/1"}],"replies":[{"embeddable":true,"href":"https:\/\/www.biblia.work\/sermones\/wp-json\/wp\/v2\/comments?post=38612"}],"version-history":[{"count":0,"href":"https:\/\/www.biblia.work\/sermones\/wp-json\/wp\/v2\/posts\/38612\/revisions"}],"wp:attachment":[{"href":"https:\/\/www.biblia.work\/sermones\/wp-json\/wp\/v2\/media?parent=38612"}],"wp:term":[{"taxonomy":"category","embeddable":true,"href":"https:\/\/www.biblia.work\/sermones\/wp-json\/wp\/v2\/categories?post=38612"},{"taxonomy":"post_tag","embeddable":true,"href":"https:\/\/www.biblia.work\/sermones\/wp-json\/wp\/v2\/tags?post=38612"}],"curies":[{"name":"wp","href":"https:\/\/api.w.org\/{rel}","templated":true}]}}