{"id":38613,"date":"2016-06-21T18:08:22","date_gmt":"2016-06-21T23:08:22","guid":{"rendered":"http:\/\/www.biblia.work\/sermones\/elogio-del-papa-anciano-a-los-ancianos-por-federico-lombardi-portavoz-de-la-santa-sede\/"},"modified":"2016-06-21T18:08:22","modified_gmt":"2016-06-21T23:08:22","slug":"elogio-del-papa-anciano-a-los-ancianos-por-federico-lombardi-portavoz-de-la-santa-sede","status":"publish","type":"post","link":"https:\/\/www.biblia.work\/sermones\/elogio-del-papa-anciano-a-los-ancianos-por-federico-lombardi-portavoz-de-la-santa-sede\/","title":{"rendered":"Elogio del Papa anciano a los ancianos, por Federico Lombardi, portavoz de la Santa Sede"},"content":{"rendered":"<p align=\"justify\">La visita del Papa a una casa para ancianos el lunes pasado, es ciertamente uno de aquellos momentos felices en el cual un gran n\u00famero de personas entiende f\u00e1cilmente que los gestos y las palabras del Santo Padre son un precioso mensaje para ellos y no s\u00f3lo para el peque\u00f1o grupo de privilegiados que lo han podido encontrar personalmente.<\/p>\n<p align=\"justify\">&nbsp;<\/p>\n<p align=\"justify\">Anciano entre los ancianos, Benedicto XVI se ha dirigido con espontaneidad a sus coet\u00e1neos diciendo que \u201cconoce bien las dificultades, los problemas y los l\u00edmites de esta edad\u201d. A diferencia de su predecesor, \u00e9l no comparte la situaci\u00f3n del anciano enfermo e imposibilitado, m\u00e1s s\u00ed aquella del anciano, y explica el valor espec\u00edfico de esta edad de la vida como la serena y paciente aceptaci\u00f3n de los l\u00edmites de la vejez continuando a saberse amado por Dios, y la \u201csabidur\u00eda de vida\u201d compartida con los otros: \u201cser como un libro abierto en el cual las j\u00f3venes generaciones pueden encontrar preciosas indicaciones para el camino de la vida\u201d.<\/p>\n<p align=\"justify\">&nbsp;<\/p>\n<p align=\"justify\">No se trata pues de buscar artificiosamente de llenar el tiempo de la vejez de cosas que hacer, sino de comunicar una sabidur\u00eda del coraz\u00f3n que sabe distinguir lo esencial de lo secundario, lo duradero de lo pasajero. Naturalmente, esto no se improvisa, porque en cierto sentido &#8211; sobre todo cuando se sufre de verdad &#8211; la vejez es el momento de la verdad, aquel en que &#8211; como Romano Guardini escribi\u00f3 \u2013 \u201clo contingente deja traslucir lo absoluto\u201d. La espera se puede llenar de oraci\u00f3n de amplios horizontes: el Papa pide a los ancianos de rezar por los pobres, por la paz, para que cese la violencia, por la Iglesia, por \u00e9l\u2026 Y es una oraci\u00f3n potente, porque el anciano que cree y espera sabe de estar m\u00e1s cercano a Dios y a los Santos, m\u00e1s familiar con ellos; la l\u00ednea de paso se hace cada vez m\u00e1s transparente. Tenemos una gran necesidad de estos ancianos, y sabemos que son una riqueza grand\u00edsima.<\/p>\n<p align=\"justify\">&nbsp;<\/p>\n<p align=\"justify\">Por ello, debemos tenerlos con amor entre nosotros, as\u00ed que todos podamos decir con verdad junto al Papa: \u201c\u00a1Es bello ser anciano!\u201d.<\/p>\n","protected":false},"excerpt":{"rendered":"<p>La visita del Papa a una casa para ancianos el lunes pasado, es ciertamente uno de aquellos momentos felices en el cual un gran n\u00famero de personas entiende f\u00e1cilmente que los gestos y las palabras del Santo Padre son un precioso mensaje para ellos y no s\u00f3lo para el peque\u00f1o grupo de privilegiados que lo &hellip; <a href=\"https:\/\/www.biblia.work\/sermones\/elogio-del-papa-anciano-a-los-ancianos-por-federico-lombardi-portavoz-de-la-santa-sede\/\" class=\"more-link\">Continuar leyendo<span class=\"screen-reader-text\"> \u00abElogio del Papa anciano a los ancianos, por Federico Lombardi, portavoz de la Santa Sede\u00bb<\/span><\/a><\/p>\n","protected":false},"author":1,"featured_media":0,"comment_status":"open","ping_status":"closed","sticky":false,"template":"","format":"standard","meta":{"footnotes":""},"categories":[1],"tags":[],"class_list":["post-38613","post","type-post","status-publish","format-standard","hentry","category-general"],"_links":{"self":[{"href":"https:\/\/www.biblia.work\/sermones\/wp-json\/wp\/v2\/posts\/38613","targetHints":{"allow":["GET"]}}],"collection":[{"href":"https:\/\/www.biblia.work\/sermones\/wp-json\/wp\/v2\/posts"}],"about":[{"href":"https:\/\/www.biblia.work\/sermones\/wp-json\/wp\/v2\/types\/post"}],"author":[{"embeddable":true,"href":"https:\/\/www.biblia.work\/sermones\/wp-json\/wp\/v2\/users\/1"}],"replies":[{"embeddable":true,"href":"https:\/\/www.biblia.work\/sermones\/wp-json\/wp\/v2\/comments?post=38613"}],"version-history":[{"count":0,"href":"https:\/\/www.biblia.work\/sermones\/wp-json\/wp\/v2\/posts\/38613\/revisions"}],"wp:attachment":[{"href":"https:\/\/www.biblia.work\/sermones\/wp-json\/wp\/v2\/media?parent=38613"}],"wp:term":[{"taxonomy":"category","embeddable":true,"href":"https:\/\/www.biblia.work\/sermones\/wp-json\/wp\/v2\/categories?post=38613"},{"taxonomy":"post_tag","embeddable":true,"href":"https:\/\/www.biblia.work\/sermones\/wp-json\/wp\/v2\/tags?post=38613"}],"curies":[{"name":"wp","href":"https:\/\/api.w.org\/{rel}","templated":true}]}}