{"id":38614,"date":"2016-06-21T18:08:26","date_gmt":"2016-06-21T23:08:26","guid":{"rendered":"http:\/\/www.biblia.work\/sermones\/el-hospital-lugar-de-evangelizacion-mision-humana-y-espiritual-segun-el-papa-benedicto-xvi\/"},"modified":"2016-06-21T18:08:26","modified_gmt":"2016-06-21T23:08:26","slug":"el-hospital-lugar-de-evangelizacion-mision-humana-y-espiritual-segun-el-papa-benedicto-xvi","status":"publish","type":"post","link":"https:\/\/www.biblia.work\/sermones\/el-hospital-lugar-de-evangelizacion-mision-humana-y-espiritual-segun-el-papa-benedicto-xvi\/","title":{"rendered":"El Hospital, lugar de evangelizaci\u00f3n: misi\u00f3n humana y espiritual,  seg\u00fan el Papa Benedicto XVI"},"content":{"rendered":"<p align=\"justify\">La salud es un bien universal &#8211; nunca una mercanc\u00eda &#8211; y la medicina debe estar siempre \u00e9ticamente al servicio de todo hombre sin distinci\u00f3n, con pol\u00edticas sanitarias apropiadas. Benedicto XVI destac\u00f3 el apremiante compromiso de la nueva evangelizaci\u00f3n, en particular en la tutela de la dignidad humana de los que sufren, al recibir este mediod\u00eda a los participantes en el encuentro promovido por el Pontificio Consejo para los Agentes Sanitarios.<\/p>\n<p align=\"justify\">Unas tres mil personas, entre ellos tambi\u00e9n algunos enfermos con sus familiares, as\u00ed como, entre otros, algunos representantes de la Federaci\u00f3n Europea de Asociaciones M\u00e9dicas Cat\u00f3licas, voluntarios de la Uni\u00f3n Italiana que acompa\u00f1a a los enfermos y discapacitados a los santuarios internacionales, personal sanitario y capellanes, escucharon con emoci\u00f3n las palabras del Papa, que renov\u00f3 el Mensaje especial del Concilio Vaticano II a los que sufren, asegurando la cercan\u00eda de la Iglesia.<\/p>\n<p align=\"justify\">Iglesia \u2013 record\u00f3 Benedicto XVI \u2013 que interpela tambi\u00e9n a los profesionales y voluntarios de la sanidad, llamados a la sensibilidad y al estudio y cuyo \u2018ser cat\u00f3licos, sin temor\u2019 les da asimismo una mayor responsabilidad en la sociedad y en la misma Iglesia: \u00abEs \u00e9ste un compromiso de nueva evangelizaci\u00f3n tambi\u00e9n en tiempos de crisis econ\u00f3mica, que sustrae recursos a la tutela de la salud. Precisamente, en este contexto, hospitales y estructuras de asistencia deben repensar su propio papel para evitar que la salud se vuelva una simple \u2018mercanc\u00eda\u2019 sometida a las leyes del mercado y por lo tanto un bien reservado a pocos. Nunca se puede olvidar la atenci\u00f3n especial debida a la dignidad de la persona que sufre, aplicando tambi\u00e9n en el \u00e1mbito de las pol\u00edticas sanitarias, el principio de subsidiariedad y de la solidaridad. Hoy, si por un lado, gracias a los progresos t\u00e9cnicos y cient\u00edficos, aumenta la capacidad de sanar f\u00edsicamente al enfermo, por otro, parece disminuir la capacidad de \u2018cuidar\u2019 a la persona que sufre, considerada en su integridad y unicidad. Parecen desvanecerse los horizontes \u00e9ticos de la ciencia m\u00e9dica, que corre el riesgo de olvidar que su vocaci\u00f3n es la de servir a todo hombre y todo el hombre, en las diversas fases de su existencia\u00bb.<\/p>\n<p align=\"justify\">Gratuidad, compartir, abnegaci\u00f3n, solidaridad, entrega, servicio&#8230; Con la par\u00e1bola evang\u00e9lica del Buen Samaritano y evocando al Beato Juan Pablo II, el Papa hizo hincapi\u00e9 en que el centro de la actividad m\u00e9dica y asistencial debe ser siempre el bienestar humano, en particular cuando la persona es m\u00e1s fr\u00e1gil e indefensa. Tras alentar a ir m\u00e1s all\u00e1 del enfoque cl\u00ednico, abri\u00e9ndose a la dimensi\u00f3n de la trascendencia, Benedicto XVI record\u00f3 asimismo el apostolado de los capellanes y asistentes religiosos, recordando la tarea de reflejar en el misterio del sufrimiento la gloria de Cristo Resucitado.<\/p>\n<p align=\"justify\">Y saludando con especial afecto a los enfermos, cuyo silencioso testimonio es eficaz signo e instrumento de evangelizaci\u00f3n para los encargados de cuidar de ellos y sus familiares, volviendo al mensaje del Concilio, el Papa les record\u00f3 que son los hermanos de Cristo paciente, y con El, si quieren, salvar\u00e1n al mundo.<\/p>\n<p align=\"justify\">Antes de impartir de coraz\u00f3n, su Bendici\u00f3n Apost\u00f3lica, Benedicto XVI encomend\u00f3 a todos a la Virgen Mar\u00eda, Salud de los Enfermos, para que gu\u00ede sus pasos y los haga cada vez m\u00e1s testimonios activos e infatigables de la ciencia cristiana del sufrimiento.<\/p>\n<p align=\"justify\">(CdM &#8211; RV)<\/p>\n","protected":false},"excerpt":{"rendered":"<p>La salud es un bien universal &#8211; nunca una mercanc\u00eda &#8211; y la medicina debe estar siempre \u00e9ticamente al servicio de todo hombre sin distinci\u00f3n, con pol\u00edticas sanitarias apropiadas. Benedicto XVI destac\u00f3 el apremiante compromiso de la nueva evangelizaci\u00f3n, en particular en la tutela de la dignidad humana de los que sufren, al recibir este &hellip; <a href=\"https:\/\/www.biblia.work\/sermones\/el-hospital-lugar-de-evangelizacion-mision-humana-y-espiritual-segun-el-papa-benedicto-xvi\/\" class=\"more-link\">Continuar leyendo<span class=\"screen-reader-text\"> \u00abEl Hospital, lugar de evangelizaci\u00f3n: misi\u00f3n humana y espiritual,  seg\u00fan el Papa Benedicto XVI\u00bb<\/span><\/a><\/p>\n","protected":false},"author":1,"featured_media":0,"comment_status":"open","ping_status":"closed","sticky":false,"template":"","format":"standard","meta":{"footnotes":""},"categories":[1],"tags":[],"class_list":["post-38614","post","type-post","status-publish","format-standard","hentry","category-general"],"_links":{"self":[{"href":"https:\/\/www.biblia.work\/sermones\/wp-json\/wp\/v2\/posts\/38614","targetHints":{"allow":["GET"]}}],"collection":[{"href":"https:\/\/www.biblia.work\/sermones\/wp-json\/wp\/v2\/posts"}],"about":[{"href":"https:\/\/www.biblia.work\/sermones\/wp-json\/wp\/v2\/types\/post"}],"author":[{"embeddable":true,"href":"https:\/\/www.biblia.work\/sermones\/wp-json\/wp\/v2\/users\/1"}],"replies":[{"embeddable":true,"href":"https:\/\/www.biblia.work\/sermones\/wp-json\/wp\/v2\/comments?post=38614"}],"version-history":[{"count":0,"href":"https:\/\/www.biblia.work\/sermones\/wp-json\/wp\/v2\/posts\/38614\/revisions"}],"wp:attachment":[{"href":"https:\/\/www.biblia.work\/sermones\/wp-json\/wp\/v2\/media?parent=38614"}],"wp:term":[{"taxonomy":"category","embeddable":true,"href":"https:\/\/www.biblia.work\/sermones\/wp-json\/wp\/v2\/categories?post=38614"},{"taxonomy":"post_tag","embeddable":true,"href":"https:\/\/www.biblia.work\/sermones\/wp-json\/wp\/v2\/tags?post=38614"}],"curies":[{"name":"wp","href":"https:\/\/api.w.org\/{rel}","templated":true}]}}