{"id":38615,"date":"2016-06-21T18:08:35","date_gmt":"2016-06-21T23:08:35","guid":{"rendered":"http:\/\/www.biblia.work\/sermones\/el-papa-recibe-en-audiencia-al-presidente-de-costa-de-marfil-alassane-ouattara\/"},"modified":"2016-06-21T18:08:35","modified_gmt":"2016-06-21T23:08:35","slug":"el-papa-recibe-en-audiencia-al-presidente-de-costa-de-marfil-alassane-ouattara","status":"publish","type":"post","link":"https:\/\/www.biblia.work\/sermones\/el-papa-recibe-en-audiencia-al-presidente-de-costa-de-marfil-alassane-ouattara\/","title":{"rendered":"El Papa recibe en audiencia al presidente de Costa de Marfil, Alassane Ouattara"},"content":{"rendered":"<p align=\"justify\">El Santo Padre ha recibido esta ma\u00f1ana en audiencia al Presidente de la Rep\u00fablica de Costa de Marfil, <strong>Alassane Ouattara,<\/strong> que ha encontrado tambi\u00e9n al cardenal <strong>Tarcisio Bertone<\/strong>, Secretario de Estado a quien acompa\u00f1aba el arzobispo Dominique Mamberti, Secretario para las Relaciones con los Estados.<\/p>\n<p align=\"justify\">En el transcurso de los coloquios se ha tomado acto de las cordiales relaciones entre la Santa Sede y la Costa de Marfil, adem\u00e1s de la convergencia de valoraci\u00f3n acerca de la aportaci\u00f3n que la Iglesia puede brindar al bien de todo el pa\u00eds, impulsando la paz y promoviendo los derechos humanos, el di\u00e1logo y la reconciliaci\u00f3n nacional, \u00fanico camino para favorecer la unidad y el desarrollo. Se ha subrayado tambi\u00e9n la provechosa colaboraci\u00f3n entre la Iglesia y el Estado, particularmente en el \u00e1mbito de la sanidad y la educaci\u00f3n, y se ha manifestado el deseo de la conclusi\u00f3n del negociado de cara a un acuerdo entre la Santa Sede y la Costa de Marfil.<\/p>\n<p align=\"justify\">Los coloquios han continuado con el an\u00e1lisis de diversos retos regionales a los que se enfrenta actualmente el continente africano y de los que se ocupa el presidente Ouattara en calidad de Presidente de la Comunidad econ\u00f3mica de los pa\u00edses de \u00c1frica Occidental.<\/p>\n<p align=\"justify\">&nbsp;<\/p>\n<p align=\"right\">Ciudad del Vaticano, 16 noviembre 2012 (VIS).-<\/p>\n","protected":false},"excerpt":{"rendered":"<p>El Santo Padre ha recibido esta ma\u00f1ana en audiencia al Presidente de la Rep\u00fablica de Costa de Marfil, Alassane Ouattara, que ha encontrado tambi\u00e9n al cardenal Tarcisio Bertone, Secretario de Estado a quien acompa\u00f1aba el arzobispo Dominique Mamberti, Secretario para las Relaciones con los Estados. En el transcurso de los coloquios se ha tomado acto &hellip; <a href=\"https:\/\/www.biblia.work\/sermones\/el-papa-recibe-en-audiencia-al-presidente-de-costa-de-marfil-alassane-ouattara\/\" class=\"more-link\">Continuar leyendo<span class=\"screen-reader-text\"> \u00abEl Papa recibe en audiencia al presidente de Costa de Marfil, Alassane Ouattara\u00bb<\/span><\/a><\/p>\n","protected":false},"author":1,"featured_media":0,"comment_status":"open","ping_status":"closed","sticky":false,"template":"","format":"standard","meta":{"footnotes":""},"categories":[1],"tags":[],"class_list":["post-38615","post","type-post","status-publish","format-standard","hentry","category-general"],"_links":{"self":[{"href":"https:\/\/www.biblia.work\/sermones\/wp-json\/wp\/v2\/posts\/38615","targetHints":{"allow":["GET"]}}],"collection":[{"href":"https:\/\/www.biblia.work\/sermones\/wp-json\/wp\/v2\/posts"}],"about":[{"href":"https:\/\/www.biblia.work\/sermones\/wp-json\/wp\/v2\/types\/post"}],"author":[{"embeddable":true,"href":"https:\/\/www.biblia.work\/sermones\/wp-json\/wp\/v2\/users\/1"}],"replies":[{"embeddable":true,"href":"https:\/\/www.biblia.work\/sermones\/wp-json\/wp\/v2\/comments?post=38615"}],"version-history":[{"count":0,"href":"https:\/\/www.biblia.work\/sermones\/wp-json\/wp\/v2\/posts\/38615\/revisions"}],"wp:attachment":[{"href":"https:\/\/www.biblia.work\/sermones\/wp-json\/wp\/v2\/media?parent=38615"}],"wp:term":[{"taxonomy":"category","embeddable":true,"href":"https:\/\/www.biblia.work\/sermones\/wp-json\/wp\/v2\/categories?post=38615"},{"taxonomy":"post_tag","embeddable":true,"href":"https:\/\/www.biblia.work\/sermones\/wp-json\/wp\/v2\/tags?post=38615"}],"curies":[{"name":"wp","href":"https:\/\/api.w.org\/{rel}","templated":true}]}}