{"id":38616,"date":"2016-06-21T18:08:40","date_gmt":"2016-06-21T23:08:40","guid":{"rendered":"http:\/\/www.biblia.work\/sermones\/discurso-de-benedicto-xvi-a-los-miembros-del-pontificio-consejo-para-la-promocion-de-la-unidad-de-los-cristianos\/"},"modified":"2016-06-21T18:08:40","modified_gmt":"2016-06-21T23:08:40","slug":"discurso-de-benedicto-xvi-a-los-miembros-del-pontificio-consejo-para-la-promocion-de-la-unidad-de-los-cristianos","status":"publish","type":"post","link":"https:\/\/www.biblia.work\/sermones\/discurso-de-benedicto-xvi-a-los-miembros-del-pontificio-consejo-para-la-promocion-de-la-unidad-de-los-cristianos\/","title":{"rendered":"Discurso de Benedicto XVI a los miembros del Pontificio Consejo para la Promoci\u00f3n de la Unidad de los Cristianos"},"content":{"rendered":"<p align=\"justify\"><em>Meta del ecumenismo: unidad de los cristianos separados<\/em><\/p>\n<p align=\"justify\">Los estrechos lazos entre la tarea de la evangelizaci\u00f3n y la superaci\u00f3n de las divisiones que existen todav\u00eda entre los cristianos han sido las claves del discurso que ha dirigido esta ma\u00f1ana el Santo Padre a los miembros y consultores del Pontificio Consejo para la Promoci\u00f3n de la Unidad de los Cristianos con motivo de su asamblea plenaria dedicada al tema \u201cLa importancia del ecumenismo en la nueva evangelizaci\u00f3n\u201d.<\/p>\n<p align=\"justify\">No se puede recorrer un verdadero camino ecum\u00e9nico, ha dicho el Papa, \u201cignorando la crisis de fe que atraviesan diversas regiones del planeta, entre las cuales, aquellas que fueron las primeras en acoger el anuncio del Evangelio y donde la vida cristiana ha florecido a lo largo de los siglos. Por otra parte, no se pueden ignorar los numerosos signos que atestiguan la permanencia de una necesidad de espiritualidad que se manifiesta de formas diversas. La pobreza espiritual de muchos contempor\u00e1neos nuestros, que ya no perciben como una carencia la ausencia de Dios en su vida, representa un reto para todos los cristianos\u201d.<\/p>\n<p align=\"justify\">En ese contexto, ha agregado el pont\u00edfice \u201ca nosotros, los creyentes en Cristo, se nos pide que regresemos a lo esencial, al coraz\u00f3n de nuestra fe, para dar juntos al mundo un testimonio del Dios vivo (&#8230;) No tenemos que olvidar lo que nos une, es decir, la fe en Dios, Padre y Creador, que se ha revelado en el Hijo, Jesucristo, difundiendo el Esp\u00edritu que vivifica y santifica. Esta es la fe del Bautismo que hemos recibido y es la fe que, en la esperanza y en la caridad, podemos profesar juntos\u201d.<\/p>\n<p align=\"justify\">\u201cA la luz de la prioridad de la fe se entiende, tambi\u00e9n, la importancia de los di\u00e1logos teol\u00f3gicos y de las conversaciones con las Iglesias y las Comunidades eclesiales en que la Iglesia Cat\u00f3lica est\u00e1 comprometida. Incluso cuando no se entrev\u00e9, en un futuro inmediato, la posibilidad del restablecimiento de la comuni\u00f3n plena, unos y otras, brindan la oportunidad de apreciar, al lado de resistencias y obst\u00e1culos, riquezas de experiencia, de vida espiritual y de reflexiones teol\u00f3gicas, que estimulan un testimonio cada vez m\u00e1s profundo\u201d.<\/p>\n<p align=\"justify\">La meta del ecumenismo, ha subrayado Benedicto XVI, es \u201cla unidad visible entre los cristianos separados\u201d. A esa tarea \u201ctenemos que dedicar todas nuestras fuerzas, pero, asimismo, debemos reconocer que, en \u00faltimo an\u00e1lisis, la unidad es un don de Dios; puede venir solamente del Padre mediante el Hijo, porque la Iglesia es su Iglesia. Con esa perspectiva, es importante invocar del Se\u00f1or la unidad visible, pero hay que tener en cuenta que la b\u00fasqueda de esa meta es relevante para la nueva evangelizaci\u00f3n\u201d.<\/p>\n<p align=\"justify\">\u201cEl hecho de caminar juntos hacia ese objetivo es una realidad positiva, a condici\u00f3n, sin embargo, de que las Iglesias y Comunidades no se detengan en medio del camino, aceptando las diversidades contradictorias como algo normal o como lo mejor que se puede conseguir. La fuerza presente y activa de Dios en el mundo se har\u00e1 evidente en la plena comuni\u00f3n en la fe, en los sacramentos y en el ministerio\u201d.<\/p>\n<p align=\"justify\">\u201cLa unidad &#8211; ha concluido el Papa- es, por una parte, fruto de la fe, y, por otra, un medio y casi un requisito para anunciar ,de forma cada vez m\u00e1s cre\u00edble, la fe a los que todav\u00eda no conocen al Salvador o que, habiendo recibido el anuncio del Evangelio, casi se han olvidado de este don precioso. El verdadero ecumenismo, reconociendo el primado de la acci\u00f3n divina requiere, ante todo, paciencia, humildad, abandono a la voluntad del Se\u00f1or. Al final, tanto el ecumenismo como la nueva evangelizaci\u00f3n, requieren el dinamismo de la conversi\u00f3n, entendido como voluntad sincera de seguir a Cristo y de adherir plenamente a la voluntad del Padre\u201d.<\/p>\n<p align=\"justify\">&nbsp;<\/p>\n<p align=\"justify\">Ciudad del Vaticano, 15 noviembre 2012 (VIS).-<\/p>\n","protected":false},"excerpt":{"rendered":"<p>Meta del ecumenismo: unidad de los cristianos separados Los estrechos lazos entre la tarea de la evangelizaci\u00f3n y la superaci\u00f3n de las divisiones que existen todav\u00eda entre los cristianos han sido las claves del discurso que ha dirigido esta ma\u00f1ana el Santo Padre a los miembros y consultores del Pontificio Consejo para la Promoci\u00f3n de &hellip; <a href=\"https:\/\/www.biblia.work\/sermones\/discurso-de-benedicto-xvi-a-los-miembros-del-pontificio-consejo-para-la-promocion-de-la-unidad-de-los-cristianos\/\" class=\"more-link\">Continuar leyendo<span class=\"screen-reader-text\"> \u00abDiscurso de Benedicto XVI a los miembros del Pontificio Consejo para la Promoci\u00f3n de la Unidad de los Cristianos\u00bb<\/span><\/a><\/p>\n","protected":false},"author":1,"featured_media":0,"comment_status":"open","ping_status":"closed","sticky":false,"template":"","format":"standard","meta":{"footnotes":""},"categories":[1],"tags":[],"class_list":["post-38616","post","type-post","status-publish","format-standard","hentry","category-general"],"_links":{"self":[{"href":"https:\/\/www.biblia.work\/sermones\/wp-json\/wp\/v2\/posts\/38616","targetHints":{"allow":["GET"]}}],"collection":[{"href":"https:\/\/www.biblia.work\/sermones\/wp-json\/wp\/v2\/posts"}],"about":[{"href":"https:\/\/www.biblia.work\/sermones\/wp-json\/wp\/v2\/types\/post"}],"author":[{"embeddable":true,"href":"https:\/\/www.biblia.work\/sermones\/wp-json\/wp\/v2\/users\/1"}],"replies":[{"embeddable":true,"href":"https:\/\/www.biblia.work\/sermones\/wp-json\/wp\/v2\/comments?post=38616"}],"version-history":[{"count":0,"href":"https:\/\/www.biblia.work\/sermones\/wp-json\/wp\/v2\/posts\/38616\/revisions"}],"wp:attachment":[{"href":"https:\/\/www.biblia.work\/sermones\/wp-json\/wp\/v2\/media?parent=38616"}],"wp:term":[{"taxonomy":"category","embeddable":true,"href":"https:\/\/www.biblia.work\/sermones\/wp-json\/wp\/v2\/categories?post=38616"},{"taxonomy":"post_tag","embeddable":true,"href":"https:\/\/www.biblia.work\/sermones\/wp-json\/wp\/v2\/tags?post=38616"}],"curies":[{"name":"wp","href":"https:\/\/api.w.org\/{rel}","templated":true}]}}