{"id":38617,"date":"2016-06-21T18:08:44","date_gmt":"2016-06-21T23:08:44","guid":{"rendered":"http:\/\/www.biblia.work\/sermones\/conmemoracion-de-los-diez-anos-de-la-visita-del-beato-juan-pablo-ii-al-parlamento-italiano\/"},"modified":"2016-06-21T18:08:44","modified_gmt":"2016-06-21T23:08:44","slug":"conmemoracion-de-los-diez-anos-de-la-visita-del-beato-juan-pablo-ii-al-parlamento-italiano","status":"publish","type":"post","link":"https:\/\/www.biblia.work\/sermones\/conmemoracion-de-los-diez-anos-de-la-visita-del-beato-juan-pablo-ii-al-parlamento-italiano\/","title":{"rendered":"Conmemoraci\u00f3n de los diez a\u00f1os de la visita del beato Juan Pablo II al parlamento italiano"},"content":{"rendered":"<p align=\"justify\">El cardenal Tarcisio Bertone. Secretario de Estado, ha enviado en nombre del Santo Padre, un mensaje a los presidentes del Senado y de la C\u00e1mara de Diputados de Italia, respectivamente Renato Schifani y Gianfranco Fini, con motivo de la conmemoraci\u00f3n de los diez a\u00f1os de la visita al Parlamento italiano del beato Juan Pablo II.<\/p>\n<p align=\"justify\">\u201cLa reuni\u00f3n en sesi\u00f3n p\u00fablica del 14 de noviembre de 2002 en la sala de Montecitorio -escribe el cardenal- constituye una p\u00e1gina memorable en la historia de las relaciones entre Italia y la Santa Sede, un evento valorizado por la autoridad de la venerable figura del beato pont\u00edfice, que deseaba fuertemente ese encuentro, a pesar de su estado de salud, ya precario\u201d.<\/p>\n<p align=\"justify\">\u201cA diez a\u00f1os de distancia, en un contexto social que se ha vuelto m\u00e1s arduo por las consecuencias de la crisis econ\u00f3mica, que ya entonces se percib\u00eda, es necesario recordar su invitaci\u00f3n a inspirarse en la linfa vital del cristianismo que anima la identidad social y cultural de Italia y su misi\u00f3n en Europa y en el mundo. Este patrimonio espiritual y \u00e9tico puede brindar siempre, incluso en los momentos dif\u00edciles, los recursos adecuados para la renovaci\u00f3n de las conciencias y para la orientaci\u00f3n concorde al bien com\u00fan, sobre todo por parte de aquellos llamados a ser miembros de este Parlamento\u201d.<\/p>\n<p align=\"justify\">\u201cPor ese motivo -concluye el purpurado- el Sumo Pont\u00edfice desea que la colaboraci\u00f3n constante entre Italia y la Santa Sede, al igual que entre el Estado y la Iglesia que est\u00e1 en Italia, contin\u00fae sosteniendo el camino de la naci\u00f3n, en particular a las familias, en su papel fundamental educativo y social, y a todos los ciudadanos, especialmente en el sentido de responsabilidad civil\u201d.<\/p>\n<p align=\"justify\">&nbsp;<\/p>\n<p align=\"right\">Ciudad del Vaticano, 14 noviembre 2012 (VIS).-<\/p>\n","protected":false},"excerpt":{"rendered":"<p>El cardenal Tarcisio Bertone. Secretario de Estado, ha enviado en nombre del Santo Padre, un mensaje a los presidentes del Senado y de la C\u00e1mara de Diputados de Italia, respectivamente Renato Schifani y Gianfranco Fini, con motivo de la conmemoraci\u00f3n de los diez a\u00f1os de la visita al Parlamento italiano del beato Juan Pablo II. &hellip; <a href=\"https:\/\/www.biblia.work\/sermones\/conmemoracion-de-los-diez-anos-de-la-visita-del-beato-juan-pablo-ii-al-parlamento-italiano\/\" class=\"more-link\">Continuar leyendo<span class=\"screen-reader-text\"> \u00abConmemoraci\u00f3n de los diez a\u00f1os de la visita del beato Juan Pablo II al parlamento italiano\u00bb<\/span><\/a><\/p>\n","protected":false},"author":1,"featured_media":0,"comment_status":"open","ping_status":"closed","sticky":false,"template":"","format":"standard","meta":{"footnotes":""},"categories":[1],"tags":[],"class_list":["post-38617","post","type-post","status-publish","format-standard","hentry","category-general"],"_links":{"self":[{"href":"https:\/\/www.biblia.work\/sermones\/wp-json\/wp\/v2\/posts\/38617","targetHints":{"allow":["GET"]}}],"collection":[{"href":"https:\/\/www.biblia.work\/sermones\/wp-json\/wp\/v2\/posts"}],"about":[{"href":"https:\/\/www.biblia.work\/sermones\/wp-json\/wp\/v2\/types\/post"}],"author":[{"embeddable":true,"href":"https:\/\/www.biblia.work\/sermones\/wp-json\/wp\/v2\/users\/1"}],"replies":[{"embeddable":true,"href":"https:\/\/www.biblia.work\/sermones\/wp-json\/wp\/v2\/comments?post=38617"}],"version-history":[{"count":0,"href":"https:\/\/www.biblia.work\/sermones\/wp-json\/wp\/v2\/posts\/38617\/revisions"}],"wp:attachment":[{"href":"https:\/\/www.biblia.work\/sermones\/wp-json\/wp\/v2\/media?parent=38617"}],"wp:term":[{"taxonomy":"category","embeddable":true,"href":"https:\/\/www.biblia.work\/sermones\/wp-json\/wp\/v2\/categories?post=38617"},{"taxonomy":"post_tag","embeddable":true,"href":"https:\/\/www.biblia.work\/sermones\/wp-json\/wp\/v2\/tags?post=38617"}],"curies":[{"name":"wp","href":"https:\/\/api.w.org\/{rel}","templated":true}]}}