{"id":38618,"date":"2016-06-21T18:08:49","date_gmt":"2016-06-21T23:08:49","guid":{"rendered":"http:\/\/www.biblia.work\/sermones\/la-infancia-de-jesus-de-joseph-ratzingerbenedicto-xvi-presentada-el-20-de-noviembre\/"},"modified":"2016-06-21T18:08:49","modified_gmt":"2016-06-21T23:08:49","slug":"la-infancia-de-jesus-de-joseph-ratzingerbenedicto-xvi-presentada-el-20-de-noviembre","status":"publish","type":"post","link":"https:\/\/www.biblia.work\/sermones\/la-infancia-de-jesus-de-joseph-ratzingerbenedicto-xvi-presentada-el-20-de-noviembre\/","title":{"rendered":"&#8220;La Infancia de Jes\u00fas&#8221;, de Joseph Ratzinger\/Benedicto XVI, presentada el 20 de noviembre"},"content":{"rendered":"<p align=\"justify\">La Librer\u00eda Editorial Vaticana y la editorial Rizzoli han anunciado hoy que el pr\u00f3ximo 20 de noviembre tendr\u00e1 lugar la presentaci\u00f3n a la prensa del libro \u201cLa infancia de Jes\u00fas\u201d, el <strong>tercer volumen de la trilog\u00eda sobre Jes\u00fas de Nazaret<\/strong>, escrita por Joseph Ratzinger-Benedicto XVI.<\/p>\n<p align=\"justify\">El libro ser\u00e1 presentado en la Sala P\u00edo X, (Via dell&#8217;Ospedale 1) a las 11 de la ma\u00f1ana e intervendr\u00e1n en el acto el cardenal Gianfranco Ravasi, presidente del Pontificio Consejo para la Cultura, la profesora Mar\u00eda Clara Bingemer, docente de Teolog\u00eda en la Pontificia Universidad Cat\u00f3lica de R\u00edo de Janeiro, el reverendo Giuseppe Costa S.D.B., director de la Librer\u00eda Editorial Vaticana y el padre Federico Lombardi S.I., director de la Oficina de Prensa de la Santa Sede, que actuar\u00e1 como moderador.<\/p>\n","protected":false},"excerpt":{"rendered":"<p>La Librer\u00eda Editorial Vaticana y la editorial Rizzoli han anunciado hoy que el pr\u00f3ximo 20 de noviembre tendr\u00e1 lugar la presentaci\u00f3n a la prensa del libro \u201cLa infancia de Jes\u00fas\u201d, el tercer volumen de la trilog\u00eda sobre Jes\u00fas de Nazaret, escrita por Joseph Ratzinger-Benedicto XVI. El libro ser\u00e1 presentado en la Sala P\u00edo X, (Via &hellip; <a href=\"https:\/\/www.biblia.work\/sermones\/la-infancia-de-jesus-de-joseph-ratzingerbenedicto-xvi-presentada-el-20-de-noviembre\/\" class=\"more-link\">Continuar leyendo<span class=\"screen-reader-text\"> \u00ab&#8220;La Infancia de Jes\u00fas&#8221;, de Joseph Ratzinger\/Benedicto XVI, presentada el 20 de noviembre\u00bb<\/span><\/a><\/p>\n","protected":false},"author":1,"featured_media":0,"comment_status":"open","ping_status":"closed","sticky":false,"template":"","format":"standard","meta":{"footnotes":""},"categories":[1],"tags":[],"class_list":["post-38618","post","type-post","status-publish","format-standard","hentry","category-general"],"_links":{"self":[{"href":"https:\/\/www.biblia.work\/sermones\/wp-json\/wp\/v2\/posts\/38618","targetHints":{"allow":["GET"]}}],"collection":[{"href":"https:\/\/www.biblia.work\/sermones\/wp-json\/wp\/v2\/posts"}],"about":[{"href":"https:\/\/www.biblia.work\/sermones\/wp-json\/wp\/v2\/types\/post"}],"author":[{"embeddable":true,"href":"https:\/\/www.biblia.work\/sermones\/wp-json\/wp\/v2\/users\/1"}],"replies":[{"embeddable":true,"href":"https:\/\/www.biblia.work\/sermones\/wp-json\/wp\/v2\/comments?post=38618"}],"version-history":[{"count":0,"href":"https:\/\/www.biblia.work\/sermones\/wp-json\/wp\/v2\/posts\/38618\/revisions"}],"wp:attachment":[{"href":"https:\/\/www.biblia.work\/sermones\/wp-json\/wp\/v2\/media?parent=38618"}],"wp:term":[{"taxonomy":"category","embeddable":true,"href":"https:\/\/www.biblia.work\/sermones\/wp-json\/wp\/v2\/categories?post=38618"},{"taxonomy":"post_tag","embeddable":true,"href":"https:\/\/www.biblia.work\/sermones\/wp-json\/wp\/v2\/tags?post=38618"}],"curies":[{"name":"wp","href":"https:\/\/api.w.org\/{rel}","templated":true}]}}