{"id":38621,"date":"2016-06-21T18:09:05","date_gmt":"2016-06-21T23:09:05","guid":{"rendered":"http:\/\/www.biblia.work\/sermones\/saludos-del-papa-en-distintos-idiomas-traducidos-tras-la-catequesis-de-la-audiencia-general-14-11-2012\/"},"modified":"2016-06-21T18:09:05","modified_gmt":"2016-06-21T23:09:05","slug":"saludos-del-papa-en-distintos-idiomas-traducidos-tras-la-catequesis-de-la-audiencia-general-14-11-2012","status":"publish","type":"post","link":"https:\/\/www.biblia.work\/sermones\/saludos-del-papa-en-distintos-idiomas-traducidos-tras-la-catequesis-de-la-audiencia-general-14-11-2012\/","title":{"rendered":"Saludos del Papa en distintos idiomas, traducidos, tras la catequesis de la audiencia general 14-11-2012"},"content":{"rendered":"<p align=\"justify\">De los saludos del Papa en diversas lenguas a los grupos de fieles presentes en la Plaza de San Pedro destacamos que Su Santidad afirm\u00f3 que reza por todas las personas de lengua \u00e1rabe, a quienes dese\u00f3 que Dios los bendiga. <\/p>\n<p align=\"justify\">A los peregrinos polacos el Santo Padre les dijo que pensando hoy en las v\u00edas que nos llevan al conocimiento de Dios, con todos compartimos la alegr\u00eda de la fe, porque ha sido Dios quien cre\u00f3 el cosmos y el hombre, y quien nos hizo sus hijos. Por esta raz\u00f3n los invit\u00f3 a que nuestra fe, nuestra oraci\u00f3n y nuestro testimonio de vida sean una alabanza a nuestro Padre que transforma nuestro modo de pensar, juicios de valor, elecciones y acciones concretas.<\/p>\n<p align=\"justify\">Al saludar cordialmente a los peregrinos procedentes de Rusia, en particular al grupo de catequistas de la di\u00f3cesis de San Jos\u00e9 en Irkutsk acompa\u00f1ados por su Obispo, Mons. \u0421yryl Klimowicz, el Obispo de Roma les dese\u00f3 que el Se\u00f1or bendiga su peregrinaci\u00f3n y los acompa\u00f1e la oraci\u00f3n de los santos ap\u00f3stoles y de los m\u00e1rtires de la Ciudad Eterna.<\/p>\n<p align=\"justify\">En su afectuosa bienvenida a los peregrinos italianos, entre los cuales a los grupos parroquiales, a las asociaciones y a los estudiantes presentes en esta audiencia, Benedicto XVI salud\u00f3 a los participantes en el Foro organizado por la <em>Caritas Internationalis<\/em>, as\u00ed como a los misioneros, sacerdotes y laicos que asisten al curso organizado por la Pontificia Universidad Salesiana, a quienes les expres\u00f3 su deseo de que la visita a la Sede de Pedro favorezca en todos ellos su renovaci\u00f3n espiritual y su empe\u00f1o en la evangelizaci\u00f3n.<\/p>\n<p align=\"justify\">Al dirigir su habitual pensamiento a los j\u00f3venes, enfermos y reci\u00e9n casados presentes, el Santo Padre les record\u00f3 que ma\u00f1ana celebraremos la memoria de San Alberto Magno, patrono de los cultores de las ciencias naturales. Y formul\u00f3 votos para que los j\u00f3venes sepan conciliar el estudio riguroso con las exigencias de la fe. A la vez que dese\u00f3 a los enfermos que conf\u00eden en la ayuda de la medicina, pero en medida a\u00fan mayor en la misericordia de Dios. Mientras a los reci\u00e9n casados los invit\u00f3 a que con el amor y la estima rec\u00edproca testimonien la belleza del Sacramento recibido.<\/p>\n","protected":false},"excerpt":{"rendered":"<p>De los saludos del Papa en diversas lenguas a los grupos de fieles presentes en la Plaza de San Pedro destacamos que Su Santidad afirm\u00f3 que reza por todas las personas de lengua \u00e1rabe, a quienes dese\u00f3 que Dios los bendiga. A los peregrinos polacos el Santo Padre les dijo que pensando hoy en las &hellip; <a href=\"https:\/\/www.biblia.work\/sermones\/saludos-del-papa-en-distintos-idiomas-traducidos-tras-la-catequesis-de-la-audiencia-general-14-11-2012\/\" class=\"more-link\">Continuar leyendo<span class=\"screen-reader-text\"> \u00abSaludos del Papa en distintos idiomas, traducidos, tras la catequesis de la audiencia general 14-11-2012\u00bb<\/span><\/a><\/p>\n","protected":false},"author":1,"featured_media":0,"comment_status":"open","ping_status":"closed","sticky":false,"template":"","format":"standard","meta":{"footnotes":""},"categories":[1],"tags":[],"class_list":["post-38621","post","type-post","status-publish","format-standard","hentry","category-general"],"_links":{"self":[{"href":"https:\/\/www.biblia.work\/sermones\/wp-json\/wp\/v2\/posts\/38621","targetHints":{"allow":["GET"]}}],"collection":[{"href":"https:\/\/www.biblia.work\/sermones\/wp-json\/wp\/v2\/posts"}],"about":[{"href":"https:\/\/www.biblia.work\/sermones\/wp-json\/wp\/v2\/types\/post"}],"author":[{"embeddable":true,"href":"https:\/\/www.biblia.work\/sermones\/wp-json\/wp\/v2\/users\/1"}],"replies":[{"embeddable":true,"href":"https:\/\/www.biblia.work\/sermones\/wp-json\/wp\/v2\/comments?post=38621"}],"version-history":[{"count":0,"href":"https:\/\/www.biblia.work\/sermones\/wp-json\/wp\/v2\/posts\/38621\/revisions"}],"wp:attachment":[{"href":"https:\/\/www.biblia.work\/sermones\/wp-json\/wp\/v2\/media?parent=38621"}],"wp:term":[{"taxonomy":"category","embeddable":true,"href":"https:\/\/www.biblia.work\/sermones\/wp-json\/wp\/v2\/categories?post=38621"},{"taxonomy":"post_tag","embeddable":true,"href":"https:\/\/www.biblia.work\/sermones\/wp-json\/wp\/v2\/tags?post=38621"}],"curies":[{"name":"wp","href":"https:\/\/api.w.org\/{rel}","templated":true}]}}