{"id":38623,"date":"2016-06-21T18:09:14","date_gmt":"2016-06-21T23:09:14","guid":{"rendered":"http:\/\/www.biblia.work\/sermones\/benedicto-xvi-visita-la-comunidad-de-san-egidio-en-roma\/"},"modified":"2016-06-21T18:09:14","modified_gmt":"2016-06-21T23:09:14","slug":"benedicto-xvi-visita-la-comunidad-de-san-egidio-en-roma","status":"publish","type":"post","link":"https:\/\/www.biblia.work\/sermones\/benedicto-xvi-visita-la-comunidad-de-san-egidio-en-roma\/","title":{"rendered":"Benedicto XVI visita la Comunidad de San Egidio en Roma"},"content":{"rendered":"<p align=\"justify\">\u201cQuien da espacio a los ancianos, da espacio a la vida\u201d<\/p>\n<p align=\"justify\">El Santo Padre ha visitado esta ma\u00f1ana en Roma la Casa Familia \u201cVivan los ancianos\u201d, de la Comunidad de San Egidio, y en el breve discurso que ha dirigido a los residentes ha dicho que iba a ese centro \u201ccomo obispo de Roma, pero tambi\u00e9n como un anciano que visita a sus coet\u00e1neos. Es superfluo decir &#8211; ha a\u00f1adido- que conozco muy las dificultades, los problemas y los l\u00edmites de esta edad y se que estas dificultades, para muchos, se agravan con la crisis econ\u00f3mica\u201d.<\/p>\n<p align=\"justify\">\n<p align=\"justify\">\u201cA veces &#8211; ha proseguido- a una determinada edad, sucede que se piensa en el pasado, a\u00f1orando la juventud, la energ\u00eda y los proyectos para el futuro. Y as\u00ed, la mirada, se empa\u00f1a de tristeza, considerando esta fase de la vida como el tiempo del crep\u00fasculo. Esta ma\u00f1ana, dirigi\u00e9ndome idealmente a todos los ancianos, si bien consciente de las dificultades que nuestra edad comporta, quisiera deciros con una convicci\u00f3n profunda: \u00a1Es bello ser ancianos! En cada edad hay que descubrir la presencia y la bendici\u00f3n del Se\u00f1or y las riquezas que contiene. \u00a1Nunca hay que dejarse aprisionar por la tristeza!. Hemos recibido el don de una larga vida. Vivir es hermoso, tambi\u00e9n a nuestra edad, a pesar de alg\u00fan que otro achaque y limitaci\u00f3n. \u00a1Que en vuestro rostro se lea siempre la alegr\u00eda de sentirse amados por Dios, y no la tristeza!\u201d.<\/p>\n<p align=\"justify\">&nbsp;<\/p>\n<p align=\"justify\">El Santo Padre ha recalcado que en la Biblia \u201cla longevidad se considera una bendici\u00f3n de Dios; hoy esta bendici\u00f3n se ha difundido y tiene que verse como un don que hay que apreciar y valorar. Sin embargo, a menudo, la sociedad, dominada por la l\u00f3gica de la eficiencia y del beneficio, no lo considera como tal; al contrario, lo rechaza, considerando a los ancianos como improductivos, in\u00fatiles\u201d. Pero, observ\u00f3 el pont\u00edfice \u201cla sabidur\u00eda de vida de la que somos portadores es una gran riqueza. La calidad de una sociedad, me atrever\u00eda a decir, de una civilizaci\u00f3n, se juzga tambi\u00e9n por como trata a los ancianos y por el lugar que ocupan en el vivir com\u00fan. \u00a1Quien da espacio a los ancianos da espacio a la vida!\u201d.<\/p>\n<p align=\"justify\">&nbsp;<\/p>\n<p align=\"justify\">La visita de Benedicto XVI se inserta en el A\u00f1o europeo del envejecimiento activo y de la solidaridad entre las generaciones y en este contexto ha reafirmado que los ancianos \u201cson un valor para la sociedad, sobre todo para los j\u00f3venes. No puede haber un crecimiento humano verdadero, ni una verdadera educaci\u00f3n sin un contacto fecundo con los ancianos, porque su existencia misma es como un libro abierto en el que las j\u00f3venes generaciones pueden encontrar indicaciones preciosas para su camino de vida\u201d.<\/p>\n<p align=\"justify\">\u201cA nuestra edad -ha observado- a menudo experimentamos la necesidad de la ayuda de los dem\u00e1s; tambi\u00e9n la experimenta el Papa (&#8230;) Quisiera invitaros a considerarlo como un don del Se\u00f1or, porque es una gracia ser sostenidos y acompa\u00f1ados, sentir el afecto de los dem\u00e1s: nadie puede vivir solo y sin ayuda; el ser humano es relacional. (&#8230;) No os descorazon\u00e9is nunca; sois una riqueza para la sociedad, tambi\u00e9n cuando sufr\u00eds y est\u00e1is enfermos. Y esta fase de la vida es un don para profundizar la relaci\u00f3n con Dios. El ejemplo del beato Juan Pablo II ha sido y es iluminador para todos. No olvid\u00e9is que entre los recursos inapreciables que ten\u00e9is a esta edad, est\u00e1 uno esencial: la oraci\u00f3n\u201d.<\/p>\n<p align=\"justify\">\u201cLa oraci\u00f3n de los ancianos -ha finalizado- puede proteger al mundo ayud\u00e1ndolo quiz\u00e1s, de forma m\u00e1s incisiva que el afanarse de tantos. Hoy quiero confiar a vuestra oraci\u00f3n el bien de la Iglesia y la paz del mundo. El Papa os ama y cuenta con todos vosotros. Sent\u00edos amados por Dios y sabed llevad a nuestra sociedad, a menudo tan individualista y partidaria de la eficiencia, un rayo del amor de Dios\u201d.<\/p>\n<p align=\"justify\">&nbsp;<\/p>\n<p align=\"right\">Ciudad del Vaticano, 12 noviembre 2012 (VIS).-<\/p>\n","protected":false},"excerpt":{"rendered":"<p>\u201cQuien da espacio a los ancianos, da espacio a la vida\u201d El Santo Padre ha visitado esta ma\u00f1ana en Roma la Casa Familia \u201cVivan los ancianos\u201d, de la Comunidad de San Egidio, y en el breve discurso que ha dirigido a los residentes ha dicho que iba a ese centro \u201ccomo obispo de Roma, pero &hellip; <a href=\"https:\/\/www.biblia.work\/sermones\/benedicto-xvi-visita-la-comunidad-de-san-egidio-en-roma\/\" class=\"more-link\">Continuar leyendo<span class=\"screen-reader-text\"> \u00abBenedicto XVI visita la Comunidad de San Egidio en Roma\u00bb<\/span><\/a><\/p>\n","protected":false},"author":1,"featured_media":0,"comment_status":"open","ping_status":"closed","sticky":false,"template":"","format":"standard","meta":{"footnotes":""},"categories":[1],"tags":[],"class_list":["post-38623","post","type-post","status-publish","format-standard","hentry","category-general"],"_links":{"self":[{"href":"https:\/\/www.biblia.work\/sermones\/wp-json\/wp\/v2\/posts\/38623","targetHints":{"allow":["GET"]}}],"collection":[{"href":"https:\/\/www.biblia.work\/sermones\/wp-json\/wp\/v2\/posts"}],"about":[{"href":"https:\/\/www.biblia.work\/sermones\/wp-json\/wp\/v2\/types\/post"}],"author":[{"embeddable":true,"href":"https:\/\/www.biblia.work\/sermones\/wp-json\/wp\/v2\/users\/1"}],"replies":[{"embeddable":true,"href":"https:\/\/www.biblia.work\/sermones\/wp-json\/wp\/v2\/comments?post=38623"}],"version-history":[{"count":0,"href":"https:\/\/www.biblia.work\/sermones\/wp-json\/wp\/v2\/posts\/38623\/revisions"}],"wp:attachment":[{"href":"https:\/\/www.biblia.work\/sermones\/wp-json\/wp\/v2\/media?parent=38623"}],"wp:term":[{"taxonomy":"category","embeddable":true,"href":"https:\/\/www.biblia.work\/sermones\/wp-json\/wp\/v2\/categories?post=38623"},{"taxonomy":"post_tag","embeddable":true,"href":"https:\/\/www.biblia.work\/sermones\/wp-json\/wp\/v2\/tags?post=38623"}],"curies":[{"name":"wp","href":"https:\/\/api.w.org\/{rel}","templated":true}]}}