{"id":38624,"date":"2016-06-21T18:09:18","date_gmt":"2016-06-21T23:09:18","guid":{"rendered":"http:\/\/www.biblia.work\/sermones\/palabras-en-espanol-del-papa-benedicto-xvi-tras-el-angelus-domingo-11-noviembre-2012\/"},"modified":"2016-06-21T18:09:18","modified_gmt":"2016-06-21T23:09:18","slug":"palabras-en-espanol-del-papa-benedicto-xvi-tras-el-angelus-domingo-11-noviembre-2012","status":"publish","type":"post","link":"https:\/\/www.biblia.work\/sermones\/palabras-en-espanol-del-papa-benedicto-xvi-tras-el-angelus-domingo-11-noviembre-2012\/","title":{"rendered":"Palabras en espa\u00f1ol del Papa Benedicto XVI, tras el \u00c1ngelus Domingo 11 noviembre 2012"},"content":{"rendered":"<p align=\"justify\">Saludo con afecto a los fieles de lengua espa\u00f1ola, en particular a los peregrinos de la Parroquia\u00a0<strong>San Jos\u00e9 Obrero<\/strong>, de San Boi de Llobregat, y de la Asociaci\u00f3n de Padres del Colegio El Prado, de Madrid. En la liturgia de este domingo, el gesto de <strong>dos viudas<\/strong>, la del Evangelio, al igual que la del Antiguo Testamento, nos lleva a reconocer el valor fundamental que tiene la entrega completa de la propia vida al Se\u00f1or y al pr\u00f3jimo.<\/p>\n<p align=\"justify\">Estas dos mujeres lo dan todo, se dan a s\u00ed mismas, y se ponen en las manos de Dios por el bien de los dem\u00e1s. Que estos elocuentes ejemplos de desprendimiento y confianza sin l\u00edmites en la Providencia divina iluminen cada d\u00eda nuestro seguimiento de Cristo. Muchas gracias.<\/p>\n","protected":false},"excerpt":{"rendered":"<p>Saludo con afecto a los fieles de lengua espa\u00f1ola, en particular a los peregrinos de la Parroquia\u00a0San Jos\u00e9 Obrero, de San Boi de Llobregat, y de la Asociaci\u00f3n de Padres del Colegio El Prado, de Madrid. En la liturgia de este domingo, el gesto de dos viudas, la del Evangelio, al igual que la del &hellip; <a href=\"https:\/\/www.biblia.work\/sermones\/palabras-en-espanol-del-papa-benedicto-xvi-tras-el-angelus-domingo-11-noviembre-2012\/\" class=\"more-link\">Continuar leyendo<span class=\"screen-reader-text\"> \u00abPalabras en espa\u00f1ol del Papa Benedicto XVI, tras el \u00c1ngelus Domingo 11 noviembre 2012\u00bb<\/span><\/a><\/p>\n","protected":false},"author":1,"featured_media":0,"comment_status":"open","ping_status":"closed","sticky":false,"template":"","format":"standard","meta":{"footnotes":""},"categories":[1],"tags":[],"class_list":["post-38624","post","type-post","status-publish","format-standard","hentry","category-general"],"_links":{"self":[{"href":"https:\/\/www.biblia.work\/sermones\/wp-json\/wp\/v2\/posts\/38624","targetHints":{"allow":["GET"]}}],"collection":[{"href":"https:\/\/www.biblia.work\/sermones\/wp-json\/wp\/v2\/posts"}],"about":[{"href":"https:\/\/www.biblia.work\/sermones\/wp-json\/wp\/v2\/types\/post"}],"author":[{"embeddable":true,"href":"https:\/\/www.biblia.work\/sermones\/wp-json\/wp\/v2\/users\/1"}],"replies":[{"embeddable":true,"href":"https:\/\/www.biblia.work\/sermones\/wp-json\/wp\/v2\/comments?post=38624"}],"version-history":[{"count":0,"href":"https:\/\/www.biblia.work\/sermones\/wp-json\/wp\/v2\/posts\/38624\/revisions"}],"wp:attachment":[{"href":"https:\/\/www.biblia.work\/sermones\/wp-json\/wp\/v2\/media?parent=38624"}],"wp:term":[{"taxonomy":"category","embeddable":true,"href":"https:\/\/www.biblia.work\/sermones\/wp-json\/wp\/v2\/categories?post=38624"},{"taxonomy":"post_tag","embeddable":true,"href":"https:\/\/www.biblia.work\/sermones\/wp-json\/wp\/v2\/tags?post=38624"}],"curies":[{"name":"wp","href":"https:\/\/api.w.org\/{rel}","templated":true}]}}