{"id":38625,"date":"2016-06-21T18:09:27","date_gmt":"2016-06-21T23:09:27","guid":{"rendered":"http:\/\/www.biblia.work\/sermones\/saludos-del-papa-benedicto-xvi-en-otros-idiomas-traducidos-tras-el-angelus-domingo-11-noviembre-2012\/"},"modified":"2016-06-21T18:09:27","modified_gmt":"2016-06-21T23:09:27","slug":"saludos-del-papa-benedicto-xvi-en-otros-idiomas-traducidos-tras-el-angelus-domingo-11-noviembre-2012","status":"publish","type":"post","link":"https:\/\/www.biblia.work\/sermones\/saludos-del-papa-benedicto-xvi-en-otros-idiomas-traducidos-tras-el-angelus-domingo-11-noviembre-2012\/","title":{"rendered":"Saludos del Papa Benedicto XVI en otros idiomas, traducidos, tras el \u00c1ngelus Domingo 11 noviembre 2012"},"content":{"rendered":"<p align=\"justify\">Tras \u00c1ngelus, Benedicto XVI record\u00f3 que ayer en Spoleto (Italia), fue proclamada <strong>Beata Mar\u00eda Luisa Prosperi<\/strong>, de la primera mitad del siglo XIX (diecinueve) monja y abadesa del monasterio benedictino de Trevi. Junto con toda la Familia benedictina y la Comunidad diocesana de <strong>Spoleto-Norcia<\/strong> -dijo el Papa- alabamos al Se\u00f1or por su hija que quiso asimilarse particularmente a la Pasi\u00f3n de Cristo.<br \/>\nAsimismo, el Pont\u00edfice record\u00f3 que hoy en Italia se celebra la \u201cJornada de Agradecimiento\u201d. En el contexto del A\u00f1o de la Fe, el tema de esta jornada -\u00abConf\u00eda en el Se\u00f1or y haz el bien; habita en la tierra y vive tranquilo\u00bb (Sal 37,3) \u2013 vuelve a llamar a la necesidad de un estilo de vida radicado en la fe, para reconocer con \u00e1nimo agradecido la mano creadora y providencial de Dios que alimenta a sus hijos. En este contexto, el Papa salud\u00f3 particularmente a los agricultores.<\/p>\n<p align=\"justify\">A los peregrinos franc\u00f3fonos, Benedicto XVI los invit\u00f3 a tener -como el Se\u00f1or- una mirada buena y justa sobre las personas y los eventos. A menudo \u2013dijo- nos dejamos impresionar y condicionar por las apariencias y los slogans que desnaturalizan las cosas. Busquemos ver \u2013 m\u00e1s all\u00e1 de lo que aparece, la chispa de bondad que se deposita y que podr\u00e1 esclarecer nuestro juicio. De este modo -agreg\u00f3 el Pont\u00edfice- nuestra relaci\u00f3n con Dios y con los otros ser\u00e1 m\u00e1s verdadera y nuestras elecciones ser\u00e1n m\u00e1s libres. La humildad nos ense\u00f1a que nosotros valemos solamente lo que somos ante Dios! Que en este camino -dese\u00f3- la Virgen Mar\u00eda sea nuestro modelo. Feliz domingo para todos.<\/p>\n<p align=\"justify\">A los peregrinos de habla ingl\u00e9s el Papa les record\u00f3 que en el Evangelio de hoy, la viuda pobre da todo lo que posee para el Templo. Que su oferta incondicional nos ayude a confiarnos s\u00f3lo del Se\u00f1or y atribuir a cada cosa el lugar y el valor apropiado. Luego el Papa invoc\u00f3 para los presentes y sus familias abundantes bendiciones de Dios.<\/p>\n<p align=\"justify\">Benedicto XVI salud\u00f3 tambi\u00e9n a los peregrinos polacos y particularmente a aquellos provenientes de Bulgaria. La Fiesta de la Independencia que hoy se celebra en Polonia -dijo- recuerda la fe de vuestros Padres, la historia y la fuerza del esp\u00edritu de las recientes generaciones. Sobre este fundamento ediquen la prosperidad de vuestra Patria. Hoy adem\u00e1s sostengo \u2013agreg\u00f3- vuestras oraciones que ofrecen para los cristianos en Egipto, por iniciativa de la Asociaci\u00f3n \u201cAyuda a la Iglesia que sufre\u201d, con ocasi\u00f3n de la \u201cJornada de la Solidaridad con la Iglesia perseguida. Los bendigo a todos de coraz\u00f3n.<\/p>\n<p align=\"justify\">Y luego de saludar a los participantes en el Congreso sobre el Padre Teilhard de Chardin, que tuvo lugar en estos d\u00edas en la Universidad Gregoriana, el Papa se dirigi\u00f3 a los peregrinos italianos, particularmente a los grupos parroquiales de Alice Bel Colle e Ricaldone (de la Di\u00f3cesis de Acqui Terme), de Palermo, Caccamo y Randazzo, y de San Luca Evangelista en Roma. A todos les dese\u00f3 un feliz domingo.<\/p>\n","protected":false},"excerpt":{"rendered":"<p>Tras \u00c1ngelus, Benedicto XVI record\u00f3 que ayer en Spoleto (Italia), fue proclamada Beata Mar\u00eda Luisa Prosperi, de la primera mitad del siglo XIX (diecinueve) monja y abadesa del monasterio benedictino de Trevi. Junto con toda la Familia benedictina y la Comunidad diocesana de Spoleto-Norcia -dijo el Papa- alabamos al Se\u00f1or por su hija que quiso &hellip; <a href=\"https:\/\/www.biblia.work\/sermones\/saludos-del-papa-benedicto-xvi-en-otros-idiomas-traducidos-tras-el-angelus-domingo-11-noviembre-2012\/\" class=\"more-link\">Continuar leyendo<span class=\"screen-reader-text\"> \u00abSaludos del Papa Benedicto XVI en otros idiomas, traducidos, tras el \u00c1ngelus Domingo 11 noviembre 2012\u00bb<\/span><\/a><\/p>\n","protected":false},"author":1,"featured_media":0,"comment_status":"open","ping_status":"closed","sticky":false,"template":"","format":"standard","meta":{"footnotes":""},"categories":[1],"tags":[],"class_list":["post-38625","post","type-post","status-publish","format-standard","hentry","category-general"],"_links":{"self":[{"href":"https:\/\/www.biblia.work\/sermones\/wp-json\/wp\/v2\/posts\/38625","targetHints":{"allow":["GET"]}}],"collection":[{"href":"https:\/\/www.biblia.work\/sermones\/wp-json\/wp\/v2\/posts"}],"about":[{"href":"https:\/\/www.biblia.work\/sermones\/wp-json\/wp\/v2\/types\/post"}],"author":[{"embeddable":true,"href":"https:\/\/www.biblia.work\/sermones\/wp-json\/wp\/v2\/users\/1"}],"replies":[{"embeddable":true,"href":"https:\/\/www.biblia.work\/sermones\/wp-json\/wp\/v2\/comments?post=38625"}],"version-history":[{"count":0,"href":"https:\/\/www.biblia.work\/sermones\/wp-json\/wp\/v2\/posts\/38625\/revisions"}],"wp:attachment":[{"href":"https:\/\/www.biblia.work\/sermones\/wp-json\/wp\/v2\/media?parent=38625"}],"wp:term":[{"taxonomy":"category","embeddable":true,"href":"https:\/\/www.biblia.work\/sermones\/wp-json\/wp\/v2\/categories?post=38625"},{"taxonomy":"post_tag","embeddable":true,"href":"https:\/\/www.biblia.work\/sermones\/wp-json\/wp\/v2\/tags?post=38625"}],"curies":[{"name":"wp","href":"https:\/\/api.w.org\/{rel}","templated":true}]}}