{"id":38627,"date":"2016-06-21T18:09:35","date_gmt":"2016-06-21T23:09:35","guid":{"rendered":"http:\/\/www.biblia.work\/sermones\/el-sentido-la-belleza-y-la-necesidad-del-canto-liturgico-segun-el-papa-benedicto-xvi-en-las-visperas-de-santa-cecilia-patrona-de-la-musica\/"},"modified":"2016-06-21T18:09:35","modified_gmt":"2016-06-21T23:09:35","slug":"el-sentido-la-belleza-y-la-necesidad-del-canto-liturgico-segun-el-papa-benedicto-xvi-en-las-visperas-de-santa-cecilia-patrona-de-la-musica","status":"publish","type":"post","link":"https:\/\/www.biblia.work\/sermones\/el-sentido-la-belleza-y-la-necesidad-del-canto-liturgico-segun-el-papa-benedicto-xvi-en-las-visperas-de-santa-cecilia-patrona-de-la-musica\/","title":{"rendered":"El sentido, la belleza y la necesidad del canto lit\u00fargico, seg\u00fan el Papa Benedicto XVI, en las v\u00edsperas de Santa Cecilia, patrona de la m\u00fasica"},"content":{"rendered":"<p align=\"justify\">Que el canto lit\u00fargico llegue al coraz\u00f3n de todos y as\u00ed todos alaben dignamente al Se\u00f1or. Con gran alegr\u00eda, <strong>Benedicto XV<\/strong>I recibi\u00f3 este mediod\u00eda a unos seis mil participantes en el encuentro promovido por la <strong>Asociaci\u00f3n Italiana de Santa Cecilia<\/strong>, que en el marco de su peregrinaci\u00f3n a Roma, llegando de todas partes de Italia, ma\u00f1ana participar\u00e1n en la celebraci\u00f3n eucar\u00edstica, que presidir\u00e1 en la <strong>Bas\u00edlica vaticana<\/strong>, el Cardenal Arcipreste <strong>Angelo Comastri<\/strong>.<\/p>\n<p align=\"justify\">\nTras destacar su aprecio y la importancia del magn\u00edfico servicio de alabanza con el canto de la numerosas Scholae Cantorum, el Papa se\u00f1al\u00f3 la feliz ocasi\u00f3n de este encuentro, en el A\u00f1o de la Fe, conmemorando la inauguraci\u00f3n del Concilio y subrayando el impulso de la m\u00fasica sacra para la nueva evangelizaci\u00f3n:<\/p>\n<p align=\"justify\">\u00abEste encuentro se coloca intencionalmente en la conmemoraci\u00f3n del 50 aniversario de la apertura del Concilio Vaticano II. Y con gusto veo que la Asociaci\u00f3n Santa Cecilia quiere volver a proponer a la atenci\u00f3n de todos ustedes la ense\u00f1anza de la Constituci\u00f3n conciliar sobre la liturgia, en particular en el art\u00edculo VI, sobre la m\u00fasica sacra. En esta conmemoraci\u00f3n, como bien saben, he querido para toda la Iglesia un especial A\u00f1o de la Fe, con el fin de promover la profundizaci\u00f3n de la fe en todos los bautizados y el compromiso com\u00fan para la nueva evangelizaci\u00f3n. Por lo tanto, encontr\u00e1ndome con ustedes, quisiera subrayar c\u00f3mo la m\u00fasica sacra puede, ante todo favorecer la fe y, adem\u00e1s, cooperar en la nueva evangelizaci\u00f3n\u00bb.<\/p>\n<p align=\"justify\">\u00abLa tradici\u00f3n musical de la Iglesia universal constituye un tesoro de valor inestimable, que sobresale entre las dem\u00e1s expresiones art\u00edsticas, principalmente porque el canto sagrado, unido a las palabras, constituye una parte necesaria o integral de la Liturgia solemne\u00bb, con la Constituci\u00f3n Sacrosantum Concilium (N.112), y reiterando la dignidad de la m\u00fasica sagrada, el Santo Padre evoc\u00f3 a San Agust\u00edn, uno de los grandes Padres de la Iglesia, y a san Ambrosio, para luego agradecer a los cantores:<\/p>\n<p align=\"justify\">Ustedes ayudan a toda la Asamblea a alabar a Dios y a hacer que descienda su Palabra hasta lo m\u00e1s profundo del coraz\u00f3n: con el canto ustedes rezan y hacen rezar, participando en el canto y en la oraci\u00f3n de la liturgia que abraza a toda la creaci\u00f3n al glorificar al Creador\u00bb.<\/p>\n<p align=\"justify\">Volviendo a recordar la relaci\u00f3n entre canto sacro y nueva evangelizaci\u00f3n, con la Constituci\u00f3n conciliar sobre la liturgia, que se\u00f1ala la importancia de la m\u00fasica sacra en la misi\u00f3n ad gentes y exhorta a dar la debida estima a las tradiciones musicales de los pueblos (cfr. n.119), Benedicto XVI se refiri\u00f3 al papel relevante de la misma m\u00fasica sacra para favorecer el redescubrimiento de Dios y un renovado encuentro con el mensaje cristiano y los misterios de la fe.<\/p>\n<p align=\"justify\">Como el ejemplo de la conversi\u00f3n de Paul Claudel, mientras escuchaba el Magn\u00edficat en las v\u00edsperas de Navidad, en la catedral de Nuestra Se\u00f1ora de Par\u00eds, record\u00f3 tambi\u00e9n el Papa, invitando a estos amigos de la Asociaci\u00f3n Italiana de Santa Cecilia a perseverar en su compromiso de mejorar cada vez m\u00e1s la cualidad del canto lit\u00fargico, sin olvidar el gregoriano y la polifon\u00eda. Para que el canto lit\u00fargico llegue al coraz\u00f3n de todos y as\u00ed todos alaben dignamente al Se\u00f1or:\u00a0\u00a0<\/p>\n<p align=\"justify\">\u00abQuisiera subrayar que la participaci\u00f3n activa de todo el Pueblo de Dios en la liturgia no consiste s\u00f3lo en hablar, sino tambi\u00e9n en escuchar, en recibir la Palabra con los sentidos y con el esp\u00edritu. Y esto vale tambi\u00e9n para la m\u00fasica lit\u00fargica. Ustedes, que tienen el don del canto, pueden hacer cantar el coraz\u00f3n de tantas personas en las celebraciones lit\u00fargicas\u00bb.<\/p>\n<p align=\"justify\">(CdM &#8211; RV)<\/p>\n","protected":false},"excerpt":{"rendered":"<p>Que el canto lit\u00fargico llegue al coraz\u00f3n de todos y as\u00ed todos alaben dignamente al Se\u00f1or. Con gran alegr\u00eda, Benedicto XVI recibi\u00f3 este mediod\u00eda a unos seis mil participantes en el encuentro promovido por la Asociaci\u00f3n Italiana de Santa Cecilia, que en el marco de su peregrinaci\u00f3n a Roma, llegando de todas partes de Italia, &hellip; <a href=\"https:\/\/www.biblia.work\/sermones\/el-sentido-la-belleza-y-la-necesidad-del-canto-liturgico-segun-el-papa-benedicto-xvi-en-las-visperas-de-santa-cecilia-patrona-de-la-musica\/\" class=\"more-link\">Continuar leyendo<span class=\"screen-reader-text\"> \u00abEl sentido, la belleza y la necesidad del canto lit\u00fargico, seg\u00fan el Papa Benedicto XVI, en las v\u00edsperas de Santa Cecilia, patrona de la m\u00fasica\u00bb<\/span><\/a><\/p>\n","protected":false},"author":1,"featured_media":0,"comment_status":"open","ping_status":"closed","sticky":false,"template":"","format":"standard","meta":{"footnotes":""},"categories":[1],"tags":[],"class_list":["post-38627","post","type-post","status-publish","format-standard","hentry","category-general"],"_links":{"self":[{"href":"https:\/\/www.biblia.work\/sermones\/wp-json\/wp\/v2\/posts\/38627","targetHints":{"allow":["GET"]}}],"collection":[{"href":"https:\/\/www.biblia.work\/sermones\/wp-json\/wp\/v2\/posts"}],"about":[{"href":"https:\/\/www.biblia.work\/sermones\/wp-json\/wp\/v2\/types\/post"}],"author":[{"embeddable":true,"href":"https:\/\/www.biblia.work\/sermones\/wp-json\/wp\/v2\/users\/1"}],"replies":[{"embeddable":true,"href":"https:\/\/www.biblia.work\/sermones\/wp-json\/wp\/v2\/comments?post=38627"}],"version-history":[{"count":0,"href":"https:\/\/www.biblia.work\/sermones\/wp-json\/wp\/v2\/posts\/38627\/revisions"}],"wp:attachment":[{"href":"https:\/\/www.biblia.work\/sermones\/wp-json\/wp\/v2\/media?parent=38627"}],"wp:term":[{"taxonomy":"category","embeddable":true,"href":"https:\/\/www.biblia.work\/sermones\/wp-json\/wp\/v2\/categories?post=38627"},{"taxonomy":"post_tag","embeddable":true,"href":"https:\/\/www.biblia.work\/sermones\/wp-json\/wp\/v2\/tags?post=38627"}],"curies":[{"name":"wp","href":"https:\/\/api.w.org\/{rel}","templated":true}]}}