{"id":38628,"date":"2016-06-21T18:09:39","date_gmt":"2016-06-21T23:09:39","guid":{"rendered":"http:\/\/www.biblia.work\/sermones\/el-papa-benedicto-xvi-crea-la-pontificia-academia-de-latinidad\/"},"modified":"2016-06-21T18:09:39","modified_gmt":"2016-06-21T23:09:39","slug":"el-papa-benedicto-xvi-crea-la-pontificia-academia-de-latinidad","status":"publish","type":"post","link":"https:\/\/www.biblia.work\/sermones\/el-papa-benedicto-xvi-crea-la-pontificia-academia-de-latinidad\/","title":{"rendered":"El Papa Benedicto XVI crea la Pontificia Academia de Latinidad"},"content":{"rendered":"<p align=\"justify\">La Carta Apost\u00f3lica en forma de\u00a0<em>Motu Proprio<\/em>\u00a0titulada \u201c<em>Latina Lingua<\/em>\u201d de Benedicto XVI lleva la fecha del 10 de noviembre, memoria de San Le\u00f3n Magno, octavo a\u00f1o de su Pontificado y con ella instituye la Pontificia Academia de Latinidad, que estar\u00e1 dedicada a promover y valorar la lengua y la cultura latina, y las instituciones cat\u00f3licas de formaci\u00f3n en materia.<\/p>\n<p align=\"justify\">Dicha Academia depender\u00e1 del Pontificio Consejo de la Cultura, y estar\u00e1 regida por un Presidente asistido por un secretario y ambos nombrados por el mismo Santo Padre, su validez es por un lapso de cinco a\u00f1os. En la constituci\u00f3n \u2013presentada en un anexo de la Carta Apost\u00f3lica- se establece que estar\u00e1 constituida por un m\u00e1ximo de 50 miembros ordinarios entre acad\u00e9micos, estudiosos y cultores de la materia, nombrados por el secretario de Estado.<\/p>\n<p align=\"justify\">En el primer punto del Motu Proprio \u201c<em>Latina Lingua<\/em>\u201d se destaca que \u00e9sta ha sido mantenida en elevada consideraci\u00f3n por la Iglesia Cat\u00f3lica y por los Romanos Pont\u00edfices, quienes asiduamente han promovido su conocimiento y difusi\u00f3n, haciendo del lat\u00edn la propia lengua, capaz de transmitir universalmente el mensaje del Evangelio. En efecto se hace menci\u00f3n de la Constituci\u00f3n Apost\u00f3lica\u00a0<em>Veterum Sapientia<\/em>\u00a0de Papa Juan XXIII. \u201cEn realidad, desde Pentecost\u00e9s la Iglesia ha hablado y orado en todas las lenguas de los hombres. Sin embargo, las Comunidades cristianas de los primeros siglos usaron ampliamente el griego y el lat\u00edn, lenguas de comunicaci\u00f3n universal del mundo en el que viv\u00edan, gracia a las cuales la novedad de la Palabra de Cristo encontraba la herencia de la cultura hel\u00e9nico-romana\u201d. El texto recuerda que tras la desaparici\u00f3n del imperio romano de Occidente, la Iglesia de Roma no solo sigui\u00f3 vali\u00e9ndose del lat\u00edn, sino que en cierto modo se hizo tambi\u00e9n custodia y promotora tanto en el \u00e1mbito teol\u00f3gico y lit\u00fargico, como en el de la formaci\u00f3n y transmisi\u00f3n del saber.<\/p>\n<p align=\"justify\">Benedicto XVI recuerda en el segundo punto de su Carta Apost\u00f3lica en forma de Motu Proprio \u201c<em>Latina Lingua<\/em>\u201d, que en nuestros tiempos, el conocimiento del lat\u00edn resulta altamente necesario para el estudio de las fuentes a las cuales hacen referencia, y entre \u00e9stas se citan disciplinas eclesi\u00e1sticas tales como la Teolog\u00eda, la Liturgia, la Patr\u00edstica y el Derecho Can\u00f3nico. Adem\u00e1s, se constata que es en lengua latina en la que est\u00e1n redactados los m\u00e1s importantes Documentos del Magisterio pontificio y los Actos oficiales m\u00e1s solemnes de los Romanos Pont\u00edfices, y precisamente con la finalidad de evidenciar la \u00edndole universal de la Iglesia.<\/p>\n<p align=\"justify\">El punto tres alude al debilitamiento de la lengua latina en el \u00e1mbito de los estudios human\u00edsticos y en la cultura en general, destacando el peligro de un conocimiento cada vez m\u00e1s superficial de la misma, f\u00e1cilmente individuado en el \u00e1mbito de los estudios filos\u00f3ficos y teol\u00f3gicos de los futuros sacerdotes. Pero tambi\u00e9n se pone de relieve que en la actualidad persiste un renovado inter\u00e9s por la cultura y la lengua latina, y no solo en los continentes donde sus ra\u00edces culturales afondan en la herencia greco-romana. Por otra parte, esta atenci\u00f3n aparece m\u00e1s significativa en cuanto no involucra \u00fanicamente los ambientes acad\u00e9micos e institucionales, sino tambi\u00e9n a los j\u00f3venes y estudiosos provenientes de naciones diversas.<\/p>\n<p align=\"justify\">\u201cSe hace por lo tanto urgente sostener el compromiso por un mayor conocimiento y un m\u00e1s competente uso de la lengua latina\u201d en el \u00e1mbito eclesial y en el de la cultura, con la finalidad de dar relieve y resonancia al esfuerzo, destaca el punto cuatro de la Carta Apost\u00f3lica, donde se indica que resulta cuanto m\u00e1s oportuna la adopci\u00f3n de m\u00e9todos did\u00e1cticos aptos a las nuevas condiciones y la promoci\u00f3n de una red de \u201crelaciones entre instituciones acad\u00e9micas y entre estudiosos\u201d con la finalidad de valorizar el rico y multiforme patrimonio de la civilidad latina.<\/p>\n<p align=\"justify\">\u201cPara contribuir a alcanzar tales objetivos &#8211; finaliza el Papa-, siguiendo las huellas de mis venerados Predecesores, con el presente\u00a0<em>Motu Proprio<\/em>\u00a0hoy instituyo la Pontificia Academia de Latinidad, dependiente del Pontificio Consejo de la Cultura. Estar\u00e1 regida por un Presidente, coadyuvado por un Secretario, por mi nombrado, y por un Consejo Acad\u00e9mico\u201d.<\/p>\n<p align=\"justify\">La Fundaci\u00f3n\u00a0<em>Latinitas,<\/em>\u00a0constituida por el Papa Pablo VI, con el Quir\u00f3grafo\u00a0<em>Romani Sermonis<\/em>, del 30 de junio de 1976 est\u00e1 extinta. La presente Carta Apost\u00f3lica en forma de\u00a0<em>Motu Proprio<\/em>\u00a0con la que apruebo a\u00a0<em>experimentum<\/em>\u00a0por un quinquenio, el anexo Estatuto, ordeno que sea publicada en L\u2019Osservatore Romano.<br \/>\nPatricia L. J\u00e1uregui Romero &#8211; Radio Vaticano<\/p>\n","protected":false},"excerpt":{"rendered":"<p>La Carta Apost\u00f3lica en forma de\u00a0Motu Proprio\u00a0titulada \u201cLatina Lingua\u201d de Benedicto XVI lleva la fecha del 10 de noviembre, memoria de San Le\u00f3n Magno, octavo a\u00f1o de su Pontificado y con ella instituye la Pontificia Academia de Latinidad, que estar\u00e1 dedicada a promover y valorar la lengua y la cultura latina, y las instituciones cat\u00f3licas &hellip; <a href=\"https:\/\/www.biblia.work\/sermones\/el-papa-benedicto-xvi-crea-la-pontificia-academia-de-latinidad\/\" class=\"more-link\">Continuar leyendo<span class=\"screen-reader-text\"> \u00abEl Papa Benedicto XVI crea la Pontificia Academia de Latinidad\u00bb<\/span><\/a><\/p>\n","protected":false},"author":1,"featured_media":0,"comment_status":"open","ping_status":"closed","sticky":false,"template":"","format":"standard","meta":{"footnotes":""},"categories":[1],"tags":[],"class_list":["post-38628","post","type-post","status-publish","format-standard","hentry","category-general"],"_links":{"self":[{"href":"https:\/\/www.biblia.work\/sermones\/wp-json\/wp\/v2\/posts\/38628","targetHints":{"allow":["GET"]}}],"collection":[{"href":"https:\/\/www.biblia.work\/sermones\/wp-json\/wp\/v2\/posts"}],"about":[{"href":"https:\/\/www.biblia.work\/sermones\/wp-json\/wp\/v2\/types\/post"}],"author":[{"embeddable":true,"href":"https:\/\/www.biblia.work\/sermones\/wp-json\/wp\/v2\/users\/1"}],"replies":[{"embeddable":true,"href":"https:\/\/www.biblia.work\/sermones\/wp-json\/wp\/v2\/comments?post=38628"}],"version-history":[{"count":0,"href":"https:\/\/www.biblia.work\/sermones\/wp-json\/wp\/v2\/posts\/38628\/revisions"}],"wp:attachment":[{"href":"https:\/\/www.biblia.work\/sermones\/wp-json\/wp\/v2\/media?parent=38628"}],"wp:term":[{"taxonomy":"category","embeddable":true,"href":"https:\/\/www.biblia.work\/sermones\/wp-json\/wp\/v2\/categories?post=38628"},{"taxonomy":"post_tag","embeddable":true,"href":"https:\/\/www.biblia.work\/sermones\/wp-json\/wp\/v2\/tags?post=38628"}],"curies":[{"name":"wp","href":"https:\/\/api.w.org\/{rel}","templated":true}]}}