{"id":38630,"date":"2016-06-21T18:09:52","date_gmt":"2016-06-21T23:09:52","guid":{"rendered":"http:\/\/www.biblia.work\/sermones\/vatileaks-claudio-sciarpelletti-condenado-a-dos-meses-de-carcel-con-suspension\/"},"modified":"2016-06-21T18:09:52","modified_gmt":"2016-06-21T23:09:52","slug":"vatileaks-claudio-sciarpelletti-condenado-a-dos-meses-de-carcel-con-suspension","status":"publish","type":"post","link":"https:\/\/www.biblia.work\/sermones\/vatileaks-claudio-sciarpelletti-condenado-a-dos-meses-de-carcel-con-suspension\/","title":{"rendered":"Vatileaks: Claudio Sciarpelletti condenado a dos meses de c\u00e1rcel con suspensi\u00f3n"},"content":{"rendered":"<p align=\"justify\">El tribunal del Vaticano ha condenado este s\u00e1bado 11 de noviembre \u00a0a dos meses de c\u00e1rcel con\u00a0suspensi\u00f3n al t\u00e9cnico inform\u00e1tico Claudio Sciarpelletti, acusado de complicidad con el mayordomo del Papa, Paolo Gabriele, en el robo de documentos confidenciales, con motivo del segundo juicio del llamado &#8220;Vatileaks&#8221;.<\/p>\n<p align=\"justify\">El fiscal hab\u00eda solicitado que se condenara a Sciarpelletti, de 48 a\u00f1os, casado, ciudadano italiano, sin antecedentes penales y presunto c\u00f3mplice del mayordomo, a cuatro meses de c\u00e1rcel. Dicha pena fue reducida a dos meses, tras reconocerse circunstancias atenuantes, como la cooperaci\u00f3n del acusado con la justicia y la ausencia de antecedentes penales.<\/p>\n<p align=\"justify\">La audiencia podr\u00eda ayudar a entender mejor lo ocurrido. El juicio al mayordomo del Papa el mes pasado dej\u00f3 m\u00e1s interrogantes que respuestas sobre el llamado &#8220;Vatileaks&#8221; que, seg\u00fan los analistas, no se puede todav\u00eda dar por concluido.<\/p>\n<p align=\"justify\">El proceso al t\u00e9cnico inform\u00e1tico se hab\u00eda iniciado el lunes pasado ante el tribunal del Vaticano, presidido por el juez Giuseppe Dalla Torre, que tambi\u00e9n presidi\u00f3 el juicio de Gabriele, en presencia de diez periodistas.<\/p>\n<p align=\"justify\">Empleado desde hace 20 a\u00f1os en la secretar\u00eda de Estado del Vaticano, Claudio Sciarpelletti, &#8220;analista programador&#8221;, se encargaba del mantenimiento de todos los ordenadores de los trabajadores de la Santa Sede.<\/p>\n<p align=\"justify\">En mayo, fue encontrado en un caj\u00f3n de su despacho un misterioso sobre que conten\u00eda documentos confidenciales. Sciarpelletti confirma que recibi\u00f3 este sobre, pero asegura que no lo abri\u00f3.<\/p>\n<p align=\"justify\">El inform\u00e1tico es sospechoso de haber obstaculizado la investigaci\u00f3n al hacer declaraciones contradictorias a los jueces.<\/p>\n<p align=\"justify\">Adem\u00e1s de Gabriele, deb\u00edan testificar en el juicio de Sciarpelletti, Domenico Giani, comandante de la Gendarmer\u00eda vaticana; uno de sus adjuntos, Gianluca Gauzzi Broccoletti; el vicecomandante de la Guardia Suiza, William Kloter, y el prelado Monse\u00f1or Carlo Maria Polvani, responsable de la oficina de informaci\u00f3n de la secretar\u00eda de Estado.<\/p>\n<p align=\"justify\">El viernes, la prensa italiana indic\u00f3 que el papa Benedicto XVI perdon\u00f3 a su exmayordomo, al enviarle un ejemplar de la Biblia con su bendici\u00f3n, pero a\u00fan no lo ha indultado.<\/p>\n<p align=\"justify\">Conocido como &#8220;Paoletto&#8221;, el ex mayordomo del Papa trabajaba en el apartamento papal desde 2006, formaba parte de la llamada &#8220;Familia pontificia&#8221; y era considerado como un hijo por Benedicto XVI, quien podr\u00eda decidir indultarlo, tras su condena a un a\u00f1o y medio de c\u00e1rcel en octubre.<\/p>\n<p align=\"justify\">Presentados como una apertura del Vaticano, los juicios p\u00fablicos e in\u00e9ditos resultaron una manera de limitar los da\u00f1os a la imagen de la jerarqu\u00eda de la Iglesia cat\u00f3lica, desacreditada por los esc\u00e1ndalos y luchas internas por el poder.<\/p>\n<p align=\"justify\">El juicio de Gabriele puso al descubierto un ambiente de descontento y frustraci\u00f3n en el c\u00edrculo cercano al Papa, y no disip\u00f3 la sospecha de algunos observadores de que detr\u00e1s del caso se estaba organizando un complot contra algunos sectores de las jerarqu\u00edas eclesi\u00e1sticas.<\/p>\n","protected":false},"excerpt":{"rendered":"<p>El tribunal del Vaticano ha condenado este s\u00e1bado 11 de noviembre \u00a0a dos meses de c\u00e1rcel con\u00a0suspensi\u00f3n al t\u00e9cnico inform\u00e1tico Claudio Sciarpelletti, acusado de complicidad con el mayordomo del Papa, Paolo Gabriele, en el robo de documentos confidenciales, con motivo del segundo juicio del llamado &#8220;Vatileaks&#8221;. El fiscal hab\u00eda solicitado que se condenara a Sciarpelletti, &hellip; <a href=\"https:\/\/www.biblia.work\/sermones\/vatileaks-claudio-sciarpelletti-condenado-a-dos-meses-de-carcel-con-suspension\/\" class=\"more-link\">Continuar leyendo<span class=\"screen-reader-text\"> \u00abVatileaks: Claudio Sciarpelletti condenado a dos meses de c\u00e1rcel con suspensi\u00f3n\u00bb<\/span><\/a><\/p>\n","protected":false},"author":1,"featured_media":0,"comment_status":"open","ping_status":"closed","sticky":false,"template":"","format":"standard","meta":{"footnotes":""},"categories":[1],"tags":[],"class_list":["post-38630","post","type-post","status-publish","format-standard","hentry","category-general"],"_links":{"self":[{"href":"https:\/\/www.biblia.work\/sermones\/wp-json\/wp\/v2\/posts\/38630","targetHints":{"allow":["GET"]}}],"collection":[{"href":"https:\/\/www.biblia.work\/sermones\/wp-json\/wp\/v2\/posts"}],"about":[{"href":"https:\/\/www.biblia.work\/sermones\/wp-json\/wp\/v2\/types\/post"}],"author":[{"embeddable":true,"href":"https:\/\/www.biblia.work\/sermones\/wp-json\/wp\/v2\/users\/1"}],"replies":[{"embeddable":true,"href":"https:\/\/www.biblia.work\/sermones\/wp-json\/wp\/v2\/comments?post=38630"}],"version-history":[{"count":0,"href":"https:\/\/www.biblia.work\/sermones\/wp-json\/wp\/v2\/posts\/38630\/revisions"}],"wp:attachment":[{"href":"https:\/\/www.biblia.work\/sermones\/wp-json\/wp\/v2\/media?parent=38630"}],"wp:term":[{"taxonomy":"category","embeddable":true,"href":"https:\/\/www.biblia.work\/sermones\/wp-json\/wp\/v2\/categories?post=38630"},{"taxonomy":"post_tag","embeddable":true,"href":"https:\/\/www.biblia.work\/sermones\/wp-json\/wp\/v2\/tags?post=38630"}],"curies":[{"name":"wp","href":"https:\/\/api.w.org\/{rel}","templated":true}]}}