{"id":38631,"date":"2016-06-21T18:09:56","date_gmt":"2016-06-21T23:09:56","guid":{"rendered":"http:\/\/www.biblia.work\/sermones\/simposio-en-el-vaticano-sobre-el-papa-juan-pablo-i-en-el-primer-centenario-de-su-nacimiento\/"},"modified":"2016-06-21T18:09:56","modified_gmt":"2016-06-21T23:09:56","slug":"simposio-en-el-vaticano-sobre-el-papa-juan-pablo-i-en-el-primer-centenario-de-su-nacimiento","status":"publish","type":"post","link":"https:\/\/www.biblia.work\/sermones\/simposio-en-el-vaticano-sobre-el-papa-juan-pablo-i-en-el-primer-centenario-de-su-nacimiento\/","title":{"rendered":"Simposio en el Vaticano sobre el Papa Juan Pablo I en el primer centenario de su nacimiento"},"content":{"rendered":"<p align=\"justify\">Cinco alocuciones dominicales, cuatro catequesis y doce discursos constituyen el conjunto de las cuatro semanas de Magisterio de Papa Juan Pablo I. Y sin embargo, de este breve lapso la frase que qued\u00f3 grabada en el coraz\u00f3n de la Historia de la Iglesia, es aquella pronunciada en el \u00c1ngelus del 10 de septiembre: <strong>\u00abDios es padre; m\u00e1s a\u00fan madre\u00bb<\/strong>.<\/p>\n<p>Ayer en el Aula Vieja del S\u00ednodo, tuvo lugar un convenio dedicado al centenario del nacimiento de Papa Albino Luciani, Juan Pablo I, organizado por \u201cL\u2019Osservatore Romano\u201d y la revista \u201cMensajero de san Antonio\u201d. En este convenio se ha presentado tambi\u00e9n una edici\u00f3n especial conmemorativa. Sobre qui\u00e9n era, el modo en el que fascin\u00f3 inmediatamente a todos -y no solo a los fieles cat\u00f3licos-, pero sobre todo, por qu\u00e9 impresion\u00f3 tanto su modo de hablar, el director de\u00a0<em>l\u2019Osservatore Romano<\/em>\u00a0el profesor Giovanni Maria Vian, ilustr\u00f3 a la gran figura.<\/p>\n<p align=\"justify\">El Convenio \u00ab<em>Ostensus magis quam datus<\/em>. A cien a\u00f1os del nacimiento de Albino Luciani\u00bb se constituy\u00f3 en una ocasi\u00f3n coyuntural para recordar a al gran Papa cuyo pontificado dur\u00f3 33 d\u00edas, pero tambi\u00e9n para narrar a quienes no lo conocieron, qui\u00e9n fue verdaderamente esta gran figura de la Iglesia de nuestro tiempo.<\/p>\n<p align=\"justify\">En el hacer un recuento de su capacidad de comunicar, marcando un hito importante en la historia de los pontificados, por ejemplo, ayer se record\u00f3 que el Papa Albino Luciani, Juan Pablo I, era capaz de hablar sin necesidad de seguir un texto pero jam\u00e1s improvisando; tambi\u00e9n se puso de relieve que fue el \u00fanico Papa -de los cuatro veinte pont\u00edfices a partir del a\u00f1o 1789 cuya carrera antecedente a su elecci\u00f3n se desarroll\u00f3 por entero y exclusivamente en su regi\u00f3n italiana de origen, Veneto. Por no subrayar adem\u00e1s que pese a su gran preparaci\u00f3n intelectual, se caracteriz\u00f3 siempre por una gran sincera humildad. Fueron muchos los recuerdos que ayer impregnaron las vivencias de cuantos participaron en este Convenio, muchas las historias contadas, las experiencias compartidas.<\/p>\n<p align=\"justify\">En este Convenio tambi\u00e9n participaron los cardenales Giovanni Coppa y Raffaele Farina, el arzobispo Angelo Becciu, sustituto de la Secretar\u00eda de Estado, con el asesor monse\u00f1or Peter Bryan Wells, y el arzobispo espa\u00f1o Celso Morga Iruzubieta.<br \/>\nPatricia L. J\u00e1uregui Romero \u2013 Radio Vaticano<\/p>\n","protected":false},"excerpt":{"rendered":"<p>Cinco alocuciones dominicales, cuatro catequesis y doce discursos constituyen el conjunto de las cuatro semanas de Magisterio de Papa Juan Pablo I. Y sin embargo, de este breve lapso la frase que qued\u00f3 grabada en el coraz\u00f3n de la Historia de la Iglesia, es aquella pronunciada en el \u00c1ngelus del 10 de septiembre: \u00abDios es &hellip; <a href=\"https:\/\/www.biblia.work\/sermones\/simposio-en-el-vaticano-sobre-el-papa-juan-pablo-i-en-el-primer-centenario-de-su-nacimiento\/\" class=\"more-link\">Continuar leyendo<span class=\"screen-reader-text\"> \u00abSimposio en el Vaticano sobre el Papa Juan Pablo I en el primer centenario de su nacimiento\u00bb<\/span><\/a><\/p>\n","protected":false},"author":1,"featured_media":0,"comment_status":"open","ping_status":"closed","sticky":false,"template":"","format":"standard","meta":{"footnotes":""},"categories":[1],"tags":[],"class_list":["post-38631","post","type-post","status-publish","format-standard","hentry","category-general"],"_links":{"self":[{"href":"https:\/\/www.biblia.work\/sermones\/wp-json\/wp\/v2\/posts\/38631","targetHints":{"allow":["GET"]}}],"collection":[{"href":"https:\/\/www.biblia.work\/sermones\/wp-json\/wp\/v2\/posts"}],"about":[{"href":"https:\/\/www.biblia.work\/sermones\/wp-json\/wp\/v2\/types\/post"}],"author":[{"embeddable":true,"href":"https:\/\/www.biblia.work\/sermones\/wp-json\/wp\/v2\/users\/1"}],"replies":[{"embeddable":true,"href":"https:\/\/www.biblia.work\/sermones\/wp-json\/wp\/v2\/comments?post=38631"}],"version-history":[{"count":0,"href":"https:\/\/www.biblia.work\/sermones\/wp-json\/wp\/v2\/posts\/38631\/revisions"}],"wp:attachment":[{"href":"https:\/\/www.biblia.work\/sermones\/wp-json\/wp\/v2\/media?parent=38631"}],"wp:term":[{"taxonomy":"category","embeddable":true,"href":"https:\/\/www.biblia.work\/sermones\/wp-json\/wp\/v2\/categories?post=38631"},{"taxonomy":"post_tag","embeddable":true,"href":"https:\/\/www.biblia.work\/sermones\/wp-json\/wp\/v2\/tags?post=38631"}],"curies":[{"name":"wp","href":"https:\/\/api.w.org\/{rel}","templated":true}]}}