{"id":38632,"date":"2016-06-21T18:10:00","date_gmt":"2016-06-21T23:10:00","guid":{"rendered":"http:\/\/www.biblia.work\/sermones\/calendario-de-celebraciones-del-papa-para-los-dos-proximos-meses-benedicto-xvi-volvera-a-decir-la-misa-del-gallo-a-las-22-horas-del-24-de-diciembre\/"},"modified":"2016-06-21T18:10:00","modified_gmt":"2016-06-21T23:10:00","slug":"calendario-de-celebraciones-del-papa-para-los-dos-proximos-meses-benedicto-xvi-volvera-a-decir-la-misa-del-gallo-a-las-22-horas-del-24-de-diciembre","status":"publish","type":"post","link":"https:\/\/www.biblia.work\/sermones\/calendario-de-celebraciones-del-papa-para-los-dos-proximos-meses-benedicto-xvi-volvera-a-decir-la-misa-del-gallo-a-las-22-horas-del-24-de-diciembre\/","title":{"rendered":"Calendario de celebraciones del Papa para los dos pr\u00f3ximos meses: Benedicto XVI volver\u00e1 a decir la Misa del Gallo a las 22 horas del 24 de diciembre"},"content":{"rendered":"<p align=\"justify\">Este es el calendario de las celebraciones que presidir\u00e1 el Santo Padre entre noviembre de 2012 y enero de 2013:<\/p>\n<p align=\"justify\">NOVIEMBRE<\/p>\n<p align=\"justify\">-S\u00e1bado, 24: Consistorio p\u00fablico ordinario para la creaci\u00f3n de 11 nuevos cardenales, en la bas\u00edlica de San Pedro a las 11.<\/p>\n<p align=\"justify\">-Domingo, 25: Santa Misa con los nuevos cardenales a las 9,30 en la bas\u00edlica de San Pedro.<\/p>\n<p align=\"justify\">DICIEMBRE<\/p>\n<p align=\"justify\">-S\u00e1bado, 1 de diciembre: V\u00edsperas con los universitarios de los ateneos romanos y de las universidades pontificias en la bas\u00edlica vaticana a las 17,30.<\/p>\n<p align=\"justify\">-S\u00e1bado, 8: Solemnidad de la Inmaculada Concepci\u00f3n de la Virgen Mar\u00eda. A las 16.00 en la Plaza de Espa\u00f1a, acto de veneraci\u00f3n a la Inmaculada.<\/p>\n<p align=\"justify\">-Domingo, 16: Visita pastoral a la parroquia romana \u201cSan Patrizio Colle Prenestino\u201d Santa misa a las 9.30.<\/p>\n<p align=\"justify\">-Lunes, 24: Solemnidad de la Natividad del Se\u00f1or. A las 22.00, en la bas\u00edlica vaticana, el Papa celebrar\u00e1 la Santa Misa del Gallo.<\/p>\n<p align=\"justify\">-Martes, 25: Solemnidad de la Natividad del Se\u00f1or. A las 12.00, desde el balc\u00f3n central de la bas\u00edlica vaticana, el Papa impartir\u00e1 la bendici\u00f3n &#8220;Urbi et Orbi&#8221;.<\/p>\n<p align=\"justify\">-S\u00e1bado, 29: El Papa presidir\u00e1 a las 18,00 en la bas\u00edlica vaticana la oraci\u00f3n durante el Encuentro Europeo de los j\u00f3venes organizado por la comunidad de Taiz\u00e9.<\/p>\n<p align=\"justify\">-Lunes, 31: Solemnidad de Mar\u00eda Sant\u00edsima, Madre de Dios A las 17.00, en la bas\u00edlica vaticana, el Santo Padre presidir\u00e1 las primeras v\u00edsperas y el Te Deum en acci\u00f3n de gracias por el a\u00f1o transcurrido.<\/p>\n<p align=\"justify\">ENERO<\/p>\n<p align=\"justify\">-Martes, 1: Solemnidad de Mar\u00eda Sant\u00edsima, Madre de Dios y XLVI Jornada Mundial de la Paz. A las 9.30, en la bas\u00edlica vaticana, Santa Misa.<\/p>\n<p align=\"justify\">-Domingo, 6: Solemnidad de la Epifan\u00eda del Se\u00f1or. A las 9.30, en la bas\u00edlica vaticana, Santa Misa.<\/p>\n<p align=\"justify\">-Domingo, 13: Festividad del Bautismo del Se\u00f1or. En la Capilla Sixtina, a las 9.45, Santa Misa y bautismo de los ni\u00f1os.<\/p>\n<p align=\"justify\">-Viernes, 25: Festividad de la conversi\u00f3n de San Pablo Ap\u00f3stol. En la bas\u00edlica de San Pablo Extramuros, a las 17.30, celebraci\u00f3n de las v\u00edsperas.<\/p>\n","protected":false},"excerpt":{"rendered":"<p>Este es el calendario de las celebraciones que presidir\u00e1 el Santo Padre entre noviembre de 2012 y enero de 2013: NOVIEMBRE -S\u00e1bado, 24: Consistorio p\u00fablico ordinario para la creaci\u00f3n de 11 nuevos cardenales, en la bas\u00edlica de San Pedro a las 11. -Domingo, 25: Santa Misa con los nuevos cardenales a las 9,30 en la &hellip; <a href=\"https:\/\/www.biblia.work\/sermones\/calendario-de-celebraciones-del-papa-para-los-dos-proximos-meses-benedicto-xvi-volvera-a-decir-la-misa-del-gallo-a-las-22-horas-del-24-de-diciembre\/\" class=\"more-link\">Continuar leyendo<span class=\"screen-reader-text\"> \u00abCalendario de celebraciones del Papa para los dos pr\u00f3ximos meses: Benedicto XVI volver\u00e1 a decir la Misa del Gallo a las 22 horas del 24 de diciembre\u00bb<\/span><\/a><\/p>\n","protected":false},"author":1,"featured_media":0,"comment_status":"open","ping_status":"closed","sticky":false,"template":"","format":"standard","meta":{"footnotes":""},"categories":[1],"tags":[],"class_list":["post-38632","post","type-post","status-publish","format-standard","hentry","category-general"],"_links":{"self":[{"href":"https:\/\/www.biblia.work\/sermones\/wp-json\/wp\/v2\/posts\/38632","targetHints":{"allow":["GET"]}}],"collection":[{"href":"https:\/\/www.biblia.work\/sermones\/wp-json\/wp\/v2\/posts"}],"about":[{"href":"https:\/\/www.biblia.work\/sermones\/wp-json\/wp\/v2\/types\/post"}],"author":[{"embeddable":true,"href":"https:\/\/www.biblia.work\/sermones\/wp-json\/wp\/v2\/users\/1"}],"replies":[{"embeddable":true,"href":"https:\/\/www.biblia.work\/sermones\/wp-json\/wp\/v2\/comments?post=38632"}],"version-history":[{"count":0,"href":"https:\/\/www.biblia.work\/sermones\/wp-json\/wp\/v2\/posts\/38632\/revisions"}],"wp:attachment":[{"href":"https:\/\/www.biblia.work\/sermones\/wp-json\/wp\/v2\/media?parent=38632"}],"wp:term":[{"taxonomy":"category","embeddable":true,"href":"https:\/\/www.biblia.work\/sermones\/wp-json\/wp\/v2\/categories?post=38632"},{"taxonomy":"post_tag","embeddable":true,"href":"https:\/\/www.biblia.work\/sermones\/wp-json\/wp\/v2\/tags?post=38632"}],"curies":[{"name":"wp","href":"https:\/\/api.w.org\/{rel}","templated":true}]}}