{"id":38633,"date":"2016-06-21T18:10:05","date_gmt":"2016-06-21T23:10:05","guid":{"rendered":"http:\/\/www.biblia.work\/sermones\/el-italiano-angelo-vincenzo-sani-1954-nuevo-arzobispo-secretario-de-la-congregacion-para-la-educacion-catolica\/"},"modified":"2016-06-21T18:10:05","modified_gmt":"2016-06-21T23:10:05","slug":"el-italiano-angelo-vincenzo-sani-1954-nuevo-arzobispo-secretario-de-la-congregacion-para-la-educacion-catolica","status":"publish","type":"post","link":"https:\/\/www.biblia.work\/sermones\/el-italiano-angelo-vincenzo-sani-1954-nuevo-arzobispo-secretario-de-la-congregacion-para-la-educacion-catolica\/","title":{"rendered":"El italiano Angelo Vincenzo Sani (1954), nuevo arzobispo secretario de la Congregaci\u00f3n para la Educaci\u00f3n Cat\u00f3lica"},"content":{"rendered":"<p align=\"justify\">Monse\u00f1or Angelo Vincenzo Zani como secretario de la Congregaci\u00f3n para la Educaci\u00f3n Cat\u00f3lica, elev\u00e1ndolo al mismo tiempo a la dignidad arzobispal. El obispo electo naci\u00f3 en 1954 en Brescia, Italia, y fue ordenado sacerdote en 1975. Es doctor en Teolog\u00eda por la Universidad Pontificia Lateranense y licenciado en Ciencias Sociales por la Universidad Pontificia Gregoriana.<\/p>\n<p align=\"justify\">. En su ministerio sacerdotal ha sido vicerrector del Instituto &#8220;C. Arici&#8221;; profesor entre 1983 y 1995, de \u201cSociolog\u00eda General\u201d en el Instituto Filos\u00f3fico Teol\u00f3gico de los Salesianos di Nave en Brescia y de \u201cSociolog\u00eda de la religi\u00f3n\u201d en el lnstituto Teol\u00f3gico &#8220;Paolo VI&#8221; del Seminario diocesano de Brescia.<\/p>\n<p align=\"justify\">Ha contribuido al nacimiento del Instituto Superior de Ciencias Religiosas en la Universidad Cat\u00f3lica del Sagrado Coraz\u00f3n en Brescia, donde ense\u00f1\u00f3 entre 1990 y 1995 \u201cDid\u00e1ctica de la religi\u00f3n\u201d. Entre 1981 y 1995 ha prestado servicio en la curia diocesana como director de la Oficina pastoral, secretario de los consejos presbiterial y pastoral y responsable del departamento de la escuela. La Conferencia episcopal lombarda lo design\u00f3 como delegado para la pastoral de la escuela.<\/p>\n<p align=\"justify\">Entre 1995 y 2002 ha dirigido la Oficina nacional para la educaci\u00f3n, la escuela y la universidad de la Conferencia Episcopal Italiana. Ha sido tambi\u00e9n asistente eclesi\u00e1stico de la UELCI. Desde 2002 era subsecretario de la Congregaci\u00f3n para la Educaci\u00f3n Cat\u00f3lica.<\/p>\n","protected":false},"excerpt":{"rendered":"<p>Monse\u00f1or Angelo Vincenzo Zani como secretario de la Congregaci\u00f3n para la Educaci\u00f3n Cat\u00f3lica, elev\u00e1ndolo al mismo tiempo a la dignidad arzobispal. El obispo electo naci\u00f3 en 1954 en Brescia, Italia, y fue ordenado sacerdote en 1975. Es doctor en Teolog\u00eda por la Universidad Pontificia Lateranense y licenciado en Ciencias Sociales por la Universidad Pontificia Gregoriana. &hellip; <a href=\"https:\/\/www.biblia.work\/sermones\/el-italiano-angelo-vincenzo-sani-1954-nuevo-arzobispo-secretario-de-la-congregacion-para-la-educacion-catolica\/\" class=\"more-link\">Continuar leyendo<span class=\"screen-reader-text\"> \u00abEl italiano Angelo Vincenzo Sani (1954), nuevo arzobispo secretario de la Congregaci\u00f3n para la Educaci\u00f3n Cat\u00f3lica\u00bb<\/span><\/a><\/p>\n","protected":false},"author":1,"featured_media":0,"comment_status":"open","ping_status":"closed","sticky":false,"template":"","format":"standard","meta":{"footnotes":""},"categories":[1],"tags":[],"class_list":["post-38633","post","type-post","status-publish","format-standard","hentry","category-general"],"_links":{"self":[{"href":"https:\/\/www.biblia.work\/sermones\/wp-json\/wp\/v2\/posts\/38633","targetHints":{"allow":["GET"]}}],"collection":[{"href":"https:\/\/www.biblia.work\/sermones\/wp-json\/wp\/v2\/posts"}],"about":[{"href":"https:\/\/www.biblia.work\/sermones\/wp-json\/wp\/v2\/types\/post"}],"author":[{"embeddable":true,"href":"https:\/\/www.biblia.work\/sermones\/wp-json\/wp\/v2\/users\/1"}],"replies":[{"embeddable":true,"href":"https:\/\/www.biblia.work\/sermones\/wp-json\/wp\/v2\/comments?post=38633"}],"version-history":[{"count":0,"href":"https:\/\/www.biblia.work\/sermones\/wp-json\/wp\/v2\/posts\/38633\/revisions"}],"wp:attachment":[{"href":"https:\/\/www.biblia.work\/sermones\/wp-json\/wp\/v2\/media?parent=38633"}],"wp:term":[{"taxonomy":"category","embeddable":true,"href":"https:\/\/www.biblia.work\/sermones\/wp-json\/wp\/v2\/categories?post=38633"},{"taxonomy":"post_tag","embeddable":true,"href":"https:\/\/www.biblia.work\/sermones\/wp-json\/wp\/v2\/tags?post=38633"}],"curies":[{"name":"wp","href":"https:\/\/api.w.org\/{rel}","templated":true}]}}