{"id":38634,"date":"2016-06-21T18:10:09","date_gmt":"2016-06-21T23:10:09","guid":{"rendered":"http:\/\/www.biblia.work\/sermones\/discurso-del-papa-benedicto-xvi-a-la-interpol-la-violencia-es-siempre-inacaptable\/"},"modified":"2016-06-21T18:10:09","modified_gmt":"2016-06-21T23:10:09","slug":"discurso-del-papa-benedicto-xvi-a-la-interpol-la-violencia-es-siempre-inacaptable","status":"publish","type":"post","link":"https:\/\/www.biblia.work\/sermones\/discurso-del-papa-benedicto-xvi-a-la-interpol-la-violencia-es-siempre-inacaptable\/","title":{"rendered":"Discurso del Papa Benedicto XVI a la Interpol: la violencia es siempre inacaptable"},"content":{"rendered":"<p align=\"justify\">Benedicto XVI ha recibido esta ma\u00f1ana a los participantes en la LXXXI Asamblea general de la Interpol que ha reunido en Roma a delegados de los organismos de polic\u00eda y seguridad, as\u00ed como a representantes de la pol\u00edtica y de las instituciones de los 190 Estados miembros, entre los cuales se encuentra tambi\u00e9n, desde el 2008, el Estado de la Ciudad del Vaticano.<\/p>\n<p align=\"justify\">Dado que la asamblea se ha centrado en el desarrollo de la cooperaci\u00f3n internacional en la lucha contra la delincuencia, el Papa ha subrayado la importancia de incrementar la cooperaci\u00f3n y el intercambio de experiencias \u201cprecisamente en un momento en el que se observa en el \u00e1mbito global un aumento de las fuentes de violencia causadas por fen\u00f3menos transnacionales que frenan el progreso de la humanidad\u201d.<\/p>\n<p align=\"justify\">La evoluci\u00f3n de la violencia criminal -ha afirmado- \u201ces un aspecto particularmente preocupante para el futuro del mundo. Por eso adquiere mayor importancia a\u00fan el que este esfuerzo de reflexi\u00f3n asocie a los responsables pol\u00edticos, de la seguridad y de la justicia, a los organismos judiciales y a las fuerzas del orden, de manera que cada uno, seg\u00fan su respectiva competencia y con la ayuda de un intercambio constructivo, desarrolle un trabajo eficaz\u201d.<\/p>\n<p align=\"justify\">El Santo Padre constatando que la familia humana sufre en nuestro tiempo \u201ca causa de numerosas violaciones del derecho y la legalidad, que en muchos casos desembocan en episodios de violencia y actos criminales\u201d ha recordado que \u201ces necesario proteger a las personas y a las comunidades con un constante y renovado compromiso y con los instrumentos adecuados. En este sentido, la funci\u00f3n de la Interpol, que podemos definir como una fortaleza de la seguridad internacional, es de gran importancia para la realizaci\u00f3n del bien com\u00fan, porque la sociedad justa exige tambi\u00e9n el orden y el respeto de las normas para lograr una pac\u00edfica y serena convivencia civil\u201d.<\/p>\n<p align=\"justify\">\u201cSomos conscientes de que hoy en d\u00eda la violencia se manifiesta en nuevas formas. Con el final de la llamada guerra fr\u00eda entre los dos bloques, el oriental y el occidental, han nacido grandes esperanzas, sobre todo all\u00ed donde movimientos pac\u00edficos que reivindicaban la libertad de los pueblos frenaron una forma de violencia pol\u00edtica institucionalizada. No obstante, aun cuando algunas formas de violencia parecen disminuir, especialmente el n\u00famero de conflictos militares, hay otras que se incrementan, como la violencia criminal, responsable cada a\u00f1o de la mayor parte de las v\u00edctimas por muerte violenta en el mundo. Este fen\u00f3meno es hoy tan peligroso que constituye un grave factor desestabilizador y, a veces, somete a una dura prueba la misma supremac\u00eda del Estado\u201d<\/p>\n<p align=\"justify\">La Iglesia y la Santa Sede, ha recalcado el pont\u00edfice \u201caniman a cuantos trabajan por combatir la plaga de la violencia y la delincuencia, en esta realidad nuestra que se parece cada vez m\u00e1s a una \u201caldea global\u201d. Las formas m\u00e1s graves de las actividades criminales pueden ser identificadas en el terrorismo y en la delincuencia organizada. El terrorismo es una de las formas m\u00e1s brutales de violencia, pues siembra odio, muerte y deseos de venganza. Este fen\u00f3meno, de estrategia subversiva, t\u00edpica s\u00f3lo de algunas organizaciones extremistas, dirigida a la destrucci\u00f3n de las cosas y al asesinato de las personas, se ha transformado en una red oscura de complicidades pol\u00edticas, que utilizando tambi\u00e9n sofisticados medios t\u00e9cnicos, se vale de ingentes cantidades de recursos financieros y elabora estrategias a gran escala. Por su parte, la delincuencia organizada prolifera en los lugares de la vida cotidiana y, a menudo, act\u00faa y golpea a ciegas, fuera de toda regla; realiza sus asuntos por medio de numerosas actividades il\u00edcitas e inmorales como la trata de personas \u2013una forma moderna de esclavitud-, el tr\u00e1fico de bienes o de sustancias, como la droga, las armas, la mercanc\u00eda falsificada, llegando incluso al trafico de f\u00e1rmacos que matan en vez de curar, utilizados en gran parte por los pobres. Este comercio il\u00edcito es a\u00fan m\u00e1s execrable cuando afecta a los \u00f3rganos humanos de v\u00edctimas inocentes: \u00e9stas padecen los dramas y ultrajes que cre\u00edamos hab\u00edan acabado para siempre tras las tragedias del siglo XX, pero que lamentablemente aparecen de nuevo a trav\u00e9s de la violencia generada por la actividad delictiva de personas y organizaciones sin escr\u00fapulos. Estos delitos destruyen las barreras morales establecidas progresivamente por la civilizaci&amp;oac ute;n y vuelven a proponer una forma de barbarie que niega al hombre y su dignidad\u201d.<\/p>\n<p align=\"justify\">En el encuentro con los agentes de la polic\u00eda internacional, Benedicto XVI confirma una vez m\u00e1s que \u201cla violencia es siempre inaceptable en sus diversas formas de terrorismo y delincuencia, porque hiere profundamente la dignidad humana y constituye una ofensa a toda la humanidad. Por tanto, es un deber reprimir el crimen en el \u00e1mbito de las reglas morales y jur\u00eddicas, porque las acciones contra la delincuencia han de ser realizadas siempre en el respeto a los derechos humanos y a los principios de un Estado de derecho. En efecto, la lucha contra la violencia debe apuntar ciertamente a detener el delito y a defender la sociedad, pero tambi\u00e9n al arrepentimiento y a la correcci\u00f3n del delincuente, que es siempre una persona humana, sujeto de derechos inalienables, y como tal no debe ser excluida de la sociedad, sino regenerada\u201d.<\/p>\n<p align=\"justify\">Al mismo tiempo, \u201cla colaboraci\u00f3n internacional contra la delincuencia no puede agotarse solamente en operaciones policiales\u201d. \u201cEs esencial -ha se\u00f1alado el Santo Padre- que incluso la necesaria acci\u00f3n represiva vaya acompa\u00f1ada de un valiente y l\u00facido an\u00e1lisis de las motivaciones subyacentes a estas acciones delictivas inaceptables; es preciso prestar atenci\u00f3n especial a los factores de exclusi\u00f3n social y de indigencia que persisten en la poblaci\u00f3n y que constituyen un medio de violencia y odio. Es necesario tambi\u00e9n un compromiso particular en el plano pol\u00edtico y pedag\u00f3gico para resolver los problemas que pueden alimentar la violencia y favorecer las condiciones con el fin de que \u00e9sta no nazca, ni se desarrolle\u201d.<\/p>\n<p align=\"justify\">Por tanto, la respuesta a la violencia y a la delincuencia \u201cno puede ser delegada simplemente a las fuerzas del orden, sino que reclama la participaci\u00f3n de todas las instancias que pueden incidir sobre este fen\u00f3meno. Derrotar la violencia -ha concluido el Papa-es una tarea que debe implicar no solamente a las instituciones y a los organismos interesados, sino a la sociedad en su conjunto: las familias, los centros educativos, entre ellos la escuela y las entidades religiosas, los medios de comunicaci\u00f3n social y todos los ciudadanos. Cada uno tiene su parte espec\u00edfica de responsabilidad para un futuro de justicia y de paz\u201d.<\/p>\n","protected":false},"excerpt":{"rendered":"<p>Benedicto XVI ha recibido esta ma\u00f1ana a los participantes en la LXXXI Asamblea general de la Interpol que ha reunido en Roma a delegados de los organismos de polic\u00eda y seguridad, as\u00ed como a representantes de la pol\u00edtica y de las instituciones de los 190 Estados miembros, entre los cuales se encuentra tambi\u00e9n, desde el &hellip; <a href=\"https:\/\/www.biblia.work\/sermones\/discurso-del-papa-benedicto-xvi-a-la-interpol-la-violencia-es-siempre-inacaptable\/\" class=\"more-link\">Continuar leyendo<span class=\"screen-reader-text\"> \u00abDiscurso del Papa Benedicto XVI a la Interpol: la violencia es siempre inacaptable\u00bb<\/span><\/a><\/p>\n","protected":false},"author":1,"featured_media":0,"comment_status":"open","ping_status":"closed","sticky":false,"template":"","format":"standard","meta":{"footnotes":""},"categories":[1],"tags":[],"class_list":["post-38634","post","type-post","status-publish","format-standard","hentry","category-general"],"_links":{"self":[{"href":"https:\/\/www.biblia.work\/sermones\/wp-json\/wp\/v2\/posts\/38634","targetHints":{"allow":["GET"]}}],"collection":[{"href":"https:\/\/www.biblia.work\/sermones\/wp-json\/wp\/v2\/posts"}],"about":[{"href":"https:\/\/www.biblia.work\/sermones\/wp-json\/wp\/v2\/types\/post"}],"author":[{"embeddable":true,"href":"https:\/\/www.biblia.work\/sermones\/wp-json\/wp\/v2\/users\/1"}],"replies":[{"embeddable":true,"href":"https:\/\/www.biblia.work\/sermones\/wp-json\/wp\/v2\/comments?post=38634"}],"version-history":[{"count":0,"href":"https:\/\/www.biblia.work\/sermones\/wp-json\/wp\/v2\/posts\/38634\/revisions"}],"wp:attachment":[{"href":"https:\/\/www.biblia.work\/sermones\/wp-json\/wp\/v2\/media?parent=38634"}],"wp:term":[{"taxonomy":"category","embeddable":true,"href":"https:\/\/www.biblia.work\/sermones\/wp-json\/wp\/v2\/categories?post=38634"},{"taxonomy":"post_tag","embeddable":true,"href":"https:\/\/www.biblia.work\/sermones\/wp-json\/wp\/v2\/tags?post=38634"}],"curies":[{"name":"wp","href":"https:\/\/api.w.org\/{rel}","templated":true}]}}