{"id":38635,"date":"2016-06-21T18:10:20","date_gmt":"2016-06-21T23:10:20","guid":{"rendered":"http:\/\/www.biblia.work\/sermones\/presentacion-del-xxiii-congreso-del-apostolado-del-mar-en-el-vaticano\/"},"modified":"2016-06-21T18:10:20","modified_gmt":"2016-06-21T23:10:20","slug":"presentacion-del-xxiii-congreso-del-apostolado-del-mar-en-el-vaticano","status":"publish","type":"post","link":"https:\/\/www.biblia.work\/sermones\/presentacion-del-xxiii-congreso-del-apostolado-del-mar-en-el-vaticano\/","title":{"rendered":"Presentaci\u00f3n del XXIII Congreso del Apostolado del Mar en el Vaticano"},"content":{"rendered":"<p align=\"justify\">El cardenal Antonio Maria Vegli\u00f2, presidente del Pontificio Consejo de la Pastoral para los Emigrantes e Itinerantes y el padre Gabriele Ferdinando Bentoglio, C.S., subsecretario del mismo dicasterio, presentaron esta ma\u00f1ana en la Oficina de Prensa de la Santa Sede el XXIII Congreso del Apostolado del Mar que tendr\u00e1 lugar en el Aula nueva del S\u00ednodo en el Vaticano, del 19 al 23 de noviembre y en el que participan 410 personas procedentes de 71 pa\u00edses de los cinco continentes. El tema del congreso es \u201cNueva evangelizaci\u00f3n en el mundo mar\u00edtimo&#8221;.<\/p>\n<p align=\"justify\">\u201cEl S\u00ednodo de los Obispos y el A\u00f1o de la Fe (&#8230;) -dijo el cardenal Vegli\u00f3 son un reto para los capellanes y los voluntarios del Apostolado del Mar que se reunir\u00e1n en este congreso para buscar \u201crespuestas pastorales adecuadas a los problemas de las gentes del mar\u201d. Entre estos problemas el cardenal cit\u00f3 los derivados del uso de tecnolog\u00edas cada vez m\u00e1s modernas que, si por una parte, mejoran la rapidez del trabajo en el mar, no siempre redundan en beneficio de los marineros, sobre todo, \u201cde los que aceptan contratos que los llevan a vivir durante muchos meses lejos de sus familias\u201d. A esto hay que a\u00f1adir, en los \u00faltimos a\u00f1os, \u201cel abandono de las naves con sus equipajes en puertos extranjeros sin v\u00edveres ni recursos y las medidas cada vez m\u00e1s restrictivas que impiden que los marineros bajen a tierra, adem\u00e1s de abusos y explotaci\u00f3n (&#8230;) Un discurso a parte merece la pirater\u00eda que causa traumas psicol\u00f3gicos a largo plazo, no s\u00f3lo a los marineros, sino tambi\u00e9n a sus familias\u201d<\/p>\n<p align=\"justify\">La comunidad internacional ha afrontado este estado de cosas adoptando la Convenci\u00f3n sobre el trabajo mar\u00edtimo (2006) que \u201cestablece los requisitos m\u00ednimos, en todos los aspectos, de las condiciones de trabajo de los marineros embarcados en las naves mercantiles (&#8230;) considerada como \u201cla carta de de los derechos de la gente del mar\u201d.<\/p>\n<p align=\"justify\">\u201cEl Apostolado del Mar, a trav\u00e9s de sus voluntarios y capellanes- explic\u00f3 el purpurado- se ha preocupado siempre por los pescadores y sus familias. No hay estad\u00edsticas precisas sobre los incidentes que afectan a las personas de este sector laboral, pero muchas organizaciones internacionales sostienen que la pesca es una de las profesiones m\u00e1s peligrosas del mundo. No hay que olvidar que, adem\u00e1s de la pesca reglamentada, existe la pesca ilegal, no declarada y no disciplinada que, a menudo lleva aparejado el tr\u00e1fico de personas y el trabajo forzoso.\u201d<\/p>\n<p align=\"justify\">A continuaci\u00f3n, el padre Gabriele Bentoglio ilustr\u00f3 los temas que jalonan las jornadas del congreso. El primer d\u00eda se hablar\u00e1 de la nueva evangelizaci\u00f3n y, en particular, los participantes reflexionar\u00e1n sobre \u201cla proclamaci\u00f3n del Evangelio a un n\u00famero creciente de marineros pertenecientes a los ritos orientales de la Iglesia cat\u00f3lica y a los cristianos ortodoxos o de otras denominaciones, sin olvidar la asistencia a los marineros que hacen escala en los puertos de los pa\u00edses musulmanes\u201d.<\/p>\n<p align=\"justify\">Las relaciones eficaces con la industria mar\u00edtima ser\u00e1 el tema de la segunda jornada que abrir\u00e1 el Secretario general del \u201cInternational Transport Workers Federation\u201d que agrupa a 708 sindicatos en representaci\u00f3n de m\u00e1s de cinco millones de trabajadores de todos los sectores del transporte; m\u00e1s de la mitad de los marineros de todo el mundo. Ese organismo comparte con el Apostolado del Mar tres objetivos: \u201cmejorar la vida de la gente del mar; garantizar servicios de primera asistencia y responder a las necesidades espirituales y materiales de los marineros\u201d.<\/p>\n<p align=\"justify\">Los pescadores son los protagonistas del tercer d\u00eda. El Apostolado del Mar pedir\u00e1, en esa ocasi\u00f3n, la ratificaci\u00f3n de la Convenci\u00f3n sobre el Trabajo en el sector de la pesca que ata\u00f1e a 38 millones de personas.<\/p>\n<p align=\"justify\">La cuarta jornada analizar\u00e1 la pirater\u00eda mar\u00edtima, un fen\u00f3meno que se extiende, sobre todo, por el Oc\u00e9ano Indico y las aguas adyacentes al Cuerno de \u00c1frica, aunque afecta tambi\u00e9n a las costas de \u00c1frica Occidental, a Sudam\u00e9rica y al Caribe. \u201cSe trata -dijo el padre Bentoglio- de un crimen (&#8230;) dif\u00edcil de afrontar que suscita gran preocupaci\u00f3n, ante todo, por el incremento de la violencia en la gesti\u00f3n de los rehenes, el prolongarse de la detenci\u00f3n y la capacidad de resistencia en la gesti\u00f3n de los secuestros\u201d. Ese mismo d\u00eda se hablar\u00e1 de un sector en aumento en el mundo mar\u00edtimo, el de los cruceros.<\/p>\n<p align=\"justify\">Por \u00faltimo, el congreso afrontar\u00e1 el tema del env\u00edo en misi\u00f3n, centr\u00e1ndose en \u201cla colaboraci\u00f3n ecum\u00e9nica con otras denominaciones cristianas en los puertos del mundo, sin dejar de lado, cuando sea posible, una cooperaci\u00f3n interreligiosa\u201d. Se presentar\u00e1n tambi\u00e9n dos importantes iniciativas para la tutela de la gente del mar: el \u201cSeafarers Rights International\u201d (SRI) que conjuga las competencias de la industria y del mundo jur\u00eddico para \u201cpromover los derechos y la tutela legal de los marineros\u201d y el \u201cMaritime Humanitarian Piracy Response\u201d (MHPR) para \u201cayudar a los marineros y sus familias en caso de incidentes traum\u00e1ticos causados por el ataque de los piratas\u201d.<\/p>\n<p align=\"justify\">&nbsp;<\/p>\n<p align=\"right\">Ciudad del Vaticano, 8 noviembre 2012 (VIS).-<\/p>\n","protected":false},"excerpt":{"rendered":"<p>El cardenal Antonio Maria Vegli\u00f2, presidente del Pontificio Consejo de la Pastoral para los Emigrantes e Itinerantes y el padre Gabriele Ferdinando Bentoglio, C.S., subsecretario del mismo dicasterio, presentaron esta ma\u00f1ana en la Oficina de Prensa de la Santa Sede el XXIII Congreso del Apostolado del Mar que tendr\u00e1 lugar en el Aula nueva del &hellip; <a href=\"https:\/\/www.biblia.work\/sermones\/presentacion-del-xxiii-congreso-del-apostolado-del-mar-en-el-vaticano\/\" class=\"more-link\">Continuar leyendo<span class=\"screen-reader-text\"> \u00abPresentaci\u00f3n del XXIII Congreso del Apostolado del Mar en el Vaticano\u00bb<\/span><\/a><\/p>\n","protected":false},"author":1,"featured_media":0,"comment_status":"open","ping_status":"closed","sticky":false,"template":"","format":"standard","meta":{"footnotes":""},"categories":[1],"tags":[],"class_list":["post-38635","post","type-post","status-publish","format-standard","hentry","category-general"],"_links":{"self":[{"href":"https:\/\/www.biblia.work\/sermones\/wp-json\/wp\/v2\/posts\/38635","targetHints":{"allow":["GET"]}}],"collection":[{"href":"https:\/\/www.biblia.work\/sermones\/wp-json\/wp\/v2\/posts"}],"about":[{"href":"https:\/\/www.biblia.work\/sermones\/wp-json\/wp\/v2\/types\/post"}],"author":[{"embeddable":true,"href":"https:\/\/www.biblia.work\/sermones\/wp-json\/wp\/v2\/users\/1"}],"replies":[{"embeddable":true,"href":"https:\/\/www.biblia.work\/sermones\/wp-json\/wp\/v2\/comments?post=38635"}],"version-history":[{"count":0,"href":"https:\/\/www.biblia.work\/sermones\/wp-json\/wp\/v2\/posts\/38635\/revisions"}],"wp:attachment":[{"href":"https:\/\/www.biblia.work\/sermones\/wp-json\/wp\/v2\/media?parent=38635"}],"wp:term":[{"taxonomy":"category","embeddable":true,"href":"https:\/\/www.biblia.work\/sermones\/wp-json\/wp\/v2\/categories?post=38635"},{"taxonomy":"post_tag","embeddable":true,"href":"https:\/\/www.biblia.work\/sermones\/wp-json\/wp\/v2\/tags?post=38635"}],"curies":[{"name":"wp","href":"https:\/\/api.w.org\/{rel}","templated":true}]}}