{"id":38636,"date":"2016-06-21T18:10:24","date_gmt":"2016-06-21T23:10:24","guid":{"rendered":"http:\/\/www.biblia.work\/sermones\/benedicto-xvi-recibe-a-la-academia-pontificia-de-las-ciencias\/"},"modified":"2016-06-21T18:10:24","modified_gmt":"2016-06-21T23:10:24","slug":"benedicto-xvi-recibe-a-la-academia-pontificia-de-las-ciencias","status":"publish","type":"post","link":"https:\/\/www.biblia.work\/sermones\/benedicto-xvi-recibe-a-la-academia-pontificia-de-las-ciencias\/","title":{"rendered":"Benedicto XVI recibe a la Academia Pontificia de las Ciencias"},"content":{"rendered":"<p align=\"justify\"><em>Ciencia y fe: di\u00e1logo y cooperaci\u00f3n urgentes y necesarios<\/em><\/p>\n<p align=\"justify\">Benedicto XVI recibi\u00f3 esta ma\u00f1ana a los participantes en la sesi\u00f3n plenaria de la Academia Pontificia de las Ciencias, dedicada esta vez a &#8220;La complejidad y la analog\u00eda en la ciencia: aspectos te\u00f3ricos, metodol\u00f3gicos y epistemol\u00f3gicos&#8221;\u201d.<\/p>\n<p align=\"justify\">\u201cEn vuestras discusiones -dijo el Papa- hab\u00e9is querido examinar, por un lado, la dial\u00e9ctica continua de la constante expansi\u00f3n de la investigaci\u00f3n cient\u00edfica, de los m\u00e9todos y las especializaciones y, por otro, la b\u00fasqueda de una visi\u00f3n integral de este universo en el que los seres humanos dotados de inteligencia y libertad, est\u00e1n llamados a comprender, amar, vivir y trabajar\u201d.<\/p>\n<p align=\"justify\">\u201cEste enfoque interdisciplinario de la complejidad -prosigui\u00f3 el pont\u00edfice- muestra tambi\u00e9n que las ciencias no son mundos intelectuales desconectados unos de otros y de la realidad, sino que est\u00e1n interconectados y apuntan al estudio de la naturaleza como una realidad unificada, inteligible y armoniosa en su indudable complejidad. Esa visi\u00f3n tiene fruct\u00edferos puntos de contacto con la visi\u00f3n del universo adoptada por la filosof\u00eda y la teolog\u00eda cristianas con su noci\u00f3n del ser participado, en el que cada criatura individual, due\u00f1a de una perfecci\u00f3n propia, participa tambi\u00e9n de una naturaleza espec\u00edfica y esto, dentro de un cosmos ordenado originado por la Palabra creadora de Dios. Es precisamente esta uni\u00f3n de organizaci\u00f3n de la naturaleza &#8220;l\u00f3gica&#8221; y &#8220;anal\u00f3gica&#8221; que promueve la investigaci\u00f3n cient\u00edfica y lleva a la mente humana a descubrir la co-participaci\u00f3n horizontal entre los seres y la participaci\u00f3n trascendental del Ser Primero\u201d.<\/p>\n<p align=\"justify\">El universo, subray\u00f3 el Santo Padre, \u201cno es el caos o el resultado del caos, al contrario, parece cada vez m\u00e1s evidente que es una ordenada complejidad, que nos permite elevarnos, -a trav\u00e9s del an\u00e1lisis comparativo y la analog\u00eda- desde la especializaci\u00f3n hasta un punto de vista m\u00e1s universal y viceversa. Si bien los primeros momentos del cosmos y de la vida todav\u00eda escapan a la observaci\u00f3n cient\u00edfica, la ciencia est\u00e1 reflexionando sobre un amplio conjunto de procesos que revelan un orden evidente de correspondencias y constantes que sirven como componentes esenciales de la creaci\u00f3n permanente\u201d.<\/p>\n<p align=\"justify\">\u201cEn la gran empresa humana de la lucha para descubrir los misterios del hombre y del universo, estoy convencido de la urgente necesidad de continuar el di\u00e1logo y la cooperaci\u00f3n entre los mundos de la ciencia y de la fe para la construcci\u00f3n de una cultura de respeto del ser humano, de su dignidad y su libertad; para el futuro de la familia humana y para el desarrollo sostenible a largo plazo de nuestro planeta. Sin esta interacci\u00f3n necesaria, las grandes preguntas de la humanidad dejan los dominios de la raz\u00f3n y la verdad, y se abandonan a lo irracional, al mito, o a la indiferencia, con gran perjuicio para la humanidad, la paz mundial y nuestro destino final\u201d, finaliz\u00f3 el Santo Padre.<\/p>\n<p align=\"justify\">&nbsp;<\/p>\n<p align=\"right\">Ciudad del Vaticano, 8 noviembre 2012 (VIS).-<\/p>\n","protected":false},"excerpt":{"rendered":"<p>Ciencia y fe: di\u00e1logo y cooperaci\u00f3n urgentes y necesarios Benedicto XVI recibi\u00f3 esta ma\u00f1ana a los participantes en la sesi\u00f3n plenaria de la Academia Pontificia de las Ciencias, dedicada esta vez a &#8220;La complejidad y la analog\u00eda en la ciencia: aspectos te\u00f3ricos, metodol\u00f3gicos y epistemol\u00f3gicos&#8221;\u201d. \u201cEn vuestras discusiones -dijo el Papa- hab\u00e9is querido examinar, por &hellip; <a href=\"https:\/\/www.biblia.work\/sermones\/benedicto-xvi-recibe-a-la-academia-pontificia-de-las-ciencias\/\" class=\"more-link\">Continuar leyendo<span class=\"screen-reader-text\"> \u00abBenedicto XVI recibe a la Academia Pontificia de las Ciencias\u00bb<\/span><\/a><\/p>\n","protected":false},"author":1,"featured_media":0,"comment_status":"open","ping_status":"closed","sticky":false,"template":"","format":"standard","meta":{"footnotes":""},"categories":[1],"tags":[],"class_list":["post-38636","post","type-post","status-publish","format-standard","hentry","category-general"],"_links":{"self":[{"href":"https:\/\/www.biblia.work\/sermones\/wp-json\/wp\/v2\/posts\/38636","targetHints":{"allow":["GET"]}}],"collection":[{"href":"https:\/\/www.biblia.work\/sermones\/wp-json\/wp\/v2\/posts"}],"about":[{"href":"https:\/\/www.biblia.work\/sermones\/wp-json\/wp\/v2\/types\/post"}],"author":[{"embeddable":true,"href":"https:\/\/www.biblia.work\/sermones\/wp-json\/wp\/v2\/users\/1"}],"replies":[{"embeddable":true,"href":"https:\/\/www.biblia.work\/sermones\/wp-json\/wp\/v2\/comments?post=38636"}],"version-history":[{"count":0,"href":"https:\/\/www.biblia.work\/sermones\/wp-json\/wp\/v2\/posts\/38636\/revisions"}],"wp:attachment":[{"href":"https:\/\/www.biblia.work\/sermones\/wp-json\/wp\/v2\/media?parent=38636"}],"wp:term":[{"taxonomy":"category","embeddable":true,"href":"https:\/\/www.biblia.work\/sermones\/wp-json\/wp\/v2\/categories?post=38636"},{"taxonomy":"post_tag","embeddable":true,"href":"https:\/\/www.biblia.work\/sermones\/wp-json\/wp\/v2\/tags?post=38636"}],"curies":[{"name":"wp","href":"https:\/\/api.w.org\/{rel}","templated":true}]}}