{"id":38638,"date":"2016-06-21T18:10:32","date_gmt":"2016-06-21T23:10:32","guid":{"rendered":"http:\/\/www.biblia.work\/sermones\/firmado-un-acuerdo-marco-entre-la-santa-sede-y-la-republica-de-burundi\/"},"modified":"2016-06-21T18:10:32","modified_gmt":"2016-06-21T23:10:32","slug":"firmado-un-acuerdo-marco-entre-la-santa-sede-y-la-republica-de-burundi","status":"publish","type":"post","link":"https:\/\/www.biblia.work\/sermones\/firmado-un-acuerdo-marco-entre-la-santa-sede-y-la-republica-de-burundi\/","title":{"rendered":"Firmado un Acuerdo- Marco entre la Santa Sede y la Rep\u00fablica de Burundi"},"content":{"rendered":"<p align=\"justify\">El martes 6 de noviembre en las Oficinas de la Presidencia de la Rep\u00fablica de Burundi, en Bujumbura, la Santa Sede y la naci\u00f3n africana firmaron un acuerdo marco en materias de com\u00fan inter\u00e9s.<\/p>\n<p align=\"justify\">En el acto oficial particip\u00f3 el Jefe del Estado de Burundi Sr. Pierre Nkurunziza, por la parte burundesa firm\u00f3 el Ministro de Asuntos Exteriores y de Cooperaci\u00f3n Internacional Sr. Laurent Kavakure, y por parte de la Santa Sede el Nuncio Apost\u00f3lico en Burundi Mons. Franco Coppola.<\/p>\n<p align=\"justify\">El Acuerdo Marco, tomando acto de las buenas relaciones que se han desarrollado entre la Santa Sede y Burundi en los \u00faltimos cincuenta a\u00f1os, define y garantiza el estatuto jur\u00eddico de la Iglesia cat\u00f3lica reglamentando varios \u00e1mbitos, entre ellos el matrimonio can\u00f3nico, los lugares de culto, las instituciones cat\u00f3licas de instrucci\u00f3n y de educaci\u00f3n, la ense\u00f1anza de la religi\u00f3n en las escuelas, las actividades asistenciales-caritativas de la Iglesia, el cuidado pastoral en las fuerzas armadas y en las instituciones penitenciarias y sanitarias, as\u00ed como el r\u00e9gimen patrimonial y fiscal. El Acuerdo-marco est\u00e1 formado por 22 Art\u00edculos con un Anexo y entrar\u00e1 en vigor con el intercambio de los instrumentos de ratificaci\u00f3n.<\/p>\n<p align=\"justify\">Patricia L. J\u00e1uregui Romero &#8211; Radio Vaticano<\/p>\n","protected":false},"excerpt":{"rendered":"<p>El martes 6 de noviembre en las Oficinas de la Presidencia de la Rep\u00fablica de Burundi, en Bujumbura, la Santa Sede y la naci\u00f3n africana firmaron un acuerdo marco en materias de com\u00fan inter\u00e9s. En el acto oficial particip\u00f3 el Jefe del Estado de Burundi Sr. Pierre Nkurunziza, por la parte burundesa firm\u00f3 el Ministro &hellip; <a href=\"https:\/\/www.biblia.work\/sermones\/firmado-un-acuerdo-marco-entre-la-santa-sede-y-la-republica-de-burundi\/\" class=\"more-link\">Continuar leyendo<span class=\"screen-reader-text\"> \u00abFirmado un Acuerdo- Marco entre la Santa Sede y la Rep\u00fablica de Burundi\u00bb<\/span><\/a><\/p>\n","protected":false},"author":1,"featured_media":0,"comment_status":"open","ping_status":"closed","sticky":false,"template":"","format":"standard","meta":{"footnotes":""},"categories":[1],"tags":[],"class_list":["post-38638","post","type-post","status-publish","format-standard","hentry","category-general"],"_links":{"self":[{"href":"https:\/\/www.biblia.work\/sermones\/wp-json\/wp\/v2\/posts\/38638","targetHints":{"allow":["GET"]}}],"collection":[{"href":"https:\/\/www.biblia.work\/sermones\/wp-json\/wp\/v2\/posts"}],"about":[{"href":"https:\/\/www.biblia.work\/sermones\/wp-json\/wp\/v2\/types\/post"}],"author":[{"embeddable":true,"href":"https:\/\/www.biblia.work\/sermones\/wp-json\/wp\/v2\/users\/1"}],"replies":[{"embeddable":true,"href":"https:\/\/www.biblia.work\/sermones\/wp-json\/wp\/v2\/comments?post=38638"}],"version-history":[{"count":0,"href":"https:\/\/www.biblia.work\/sermones\/wp-json\/wp\/v2\/posts\/38638\/revisions"}],"wp:attachment":[{"href":"https:\/\/www.biblia.work\/sermones\/wp-json\/wp\/v2\/media?parent=38638"}],"wp:term":[{"taxonomy":"category","embeddable":true,"href":"https:\/\/www.biblia.work\/sermones\/wp-json\/wp\/v2\/categories?post=38638"},{"taxonomy":"post_tag","embeddable":true,"href":"https:\/\/www.biblia.work\/sermones\/wp-json\/wp\/v2\/tags?post=38638"}],"curies":[{"name":"wp","href":"https:\/\/api.w.org\/{rel}","templated":true}]}}