{"id":38640,"date":"2016-06-21T18:10:45","date_gmt":"2016-06-21T23:10:45","guid":{"rendered":"http:\/\/www.biblia.work\/sermones\/el-cardenal-sarah-viaja-a-libano-en-mision-de-paz-para-siria-y-lleva-un-millon-de-dolares-de-donativo-del-papa-y-de-los-padres-sinodales\/"},"modified":"2016-06-21T18:10:45","modified_gmt":"2016-06-21T23:10:45","slug":"el-cardenal-sarah-viaja-a-libano-en-mision-de-paz-para-siria-y-lleva-un-millon-de-dolares-de-donativo-del-papa-y-de-los-padres-sinodales","status":"publish","type":"post","link":"https:\/\/www.biblia.work\/sermones\/el-cardenal-sarah-viaja-a-libano-en-mision-de-paz-para-siria-y-lleva-un-millon-de-dolares-de-donativo-del-papa-y-de-los-padres-sinodales\/","title":{"rendered":"El cardenal Sarah viaja a L\u00edbano en misi\u00f3n de paz para Siria y lleva un mill\u00f3n de d\u00f3lares de donativo del Papa y de los padres sinodales"},"content":{"rendered":"<p align=\"justify\">A partir de este 7 de noviembre y hasta el pr\u00f3ximo d\u00eda 10 el cardenal Robert Sarah, Presidente del Pontificio Consejo <em>Cor Unum<\/em>, visitar\u00e1 El L\u00edbano en misi\u00f3n especial, para apoyar y conocer el modo en el que la Iglesia puede hacer m\u00e1s efectiva su ayuda, no solo material sino tambi\u00e9n espiritual, a los miles de refugiados sirios que escapan de la guerra. <\/p>\n<p align=\"justify\">Es de este mediod\u00eda la nota del director de la Oficina de Prensa de la Santa Sede, el padre Federico Lombardi, relacionada con la misi\u00f3n que el cardenal Robert Sarah, Presidente del Pontificio Consejo <em>Cor Unum<\/em> realiza a El L\u00edbano para encontrarse con los pastores y fieles de la Iglesia en Siria. El purpurado se hace portador de la ayuda del S\u00ednodo de los Obispos y del mismo Santo Padre por un monto de un mill\u00f3n de d\u00f3lares.<\/p>\n<p align=\"justify\">El comunicado aparece en coyuntura con el llamamiento que el Papa realiz\u00f3 este 7 de noviembre en el marco de la Audiencia General, en el que anunciaba esta iniciativa. La nota del portavoz vaticano enfatiza, en efecto, que desde el inicio de la crisis siria, la Santa Sede intervino en m\u00e1s de una ocasi\u00f3n para facilitar una soluci\u00f3n pac\u00edfica del conflicto. El Santo Padre \u2013se lee en la nota de prensa- pidi\u00f3 repetidamente que se interrumpiera la espiral de la violencia y de que se promoviera el camino del di\u00e1logo y de la reconciliaci\u00f3n. Adem\u00e1s se recuerda que en el reciente S\u00ednodo de los Obispos sobre la Nueva Evangelizaci\u00f3n hab\u00eda sido anunciada, por deseo del Sumo Pont\u00edfice, la Misi\u00f3n de un grupo de representantes de los Padres Sinodales deseosos de manifestar una emotiva cercan\u00eda espiritual a las comunidades cristianas del Pa\u00eds, y para alentar a cuantos est\u00e1n comprometidos en la b\u00fasqueda de una soluci\u00f3n respetuosa de los derechos y de los deberes de todos.<br \/>\nDiversas circunstancias, aunadas el desarrollo de los eventos, no han consentido la realizaci\u00f3n de esta Misi\u00f3n en las modalidades previstas. Por este motivo el Santo Padre, animado por el vivo deseo de dar seguimiento a la iniciativa, ha decidido que \u00e9sta sea llevada a cabo con una Misi\u00f3n Especial por parte del Cardenal Robert Sarah, Presidente del Pontificio Consejo <em>Cor Unum<\/em>. Al Purpurado le ha sido confiada la tarea de manifestar la sentida participaci\u00f3n de la Santa Sede y de toda la Iglesia en el proceso de pacificaci\u00f3n, as\u00ed como de expresar la cercan\u00eda de la Iglesia Universal a las poblaciones duramente puestas a la prueba para reforzar el compromiso humanitario de la Iglesia cat\u00f3lica en la Regi\u00f3n.<\/p>\n<p align=\"justify\">En efecto, la nota da cuenta de que el Cardenal Sarah visita El L\u00edbano del 7 al 10 de noviembre y de que est\u00e1n previstos encuentros con los representantes de las iglesias de los diversos ritos, en particular con Pastores y fieles de la Iglesia greco-cat\u00f3lica de Siria y del L\u00edbano; as\u00ed como con los grupos de refugiados sirios. La agenda prev\u00e9 el 9 de noviembre, la celebraci\u00f3n en Beirut, la capital del L\u00edbano, de un encuentro de coordinaci\u00f3n con las agencias cat\u00f3licas que trabajan en Siria y en los pa\u00edses cercanos, en particular en apoyo de los refugiados. Este encuentro ser\u00e1 coordinado por el mismo dicasterio <em>Cor Unum<\/em>. La reuni\u00f3n permitir\u00e1 identificar las mayores \u00e1reas posibles de intervenci\u00f3n y concordar\u00e1 un reforzado compromiso de las instituciones cat\u00f3licas en la Regi\u00f3n, para paliar las necesidades de la poblaci\u00f3n siria, destaca la nota de la sala de prensa vaticana.<\/p>\n<p align=\"justify\">Por otra parte, se hace menci\u00f3n de que, con este objetivo el S\u00ednodo de los Obispos, ha hecho una importante donaci\u00f3n, a la que se ha sumado el Santo Padre por un monto total de un mill\u00f3n de d\u00f3lares. La nota concluye indicando que la Santa Sede conf\u00eda en que esta iniciativa, de naturaleza humanitaria y eclesial, podr\u00e1 contribuir para aliviar la situaci\u00f3n de cuantos sufren por la actual crisis, y que impulsar\u00e1 a las partes involucradas -y a cuantos desean el bien de Siria- a la b\u00fasqueda de una soluci\u00f3n ecua y pac\u00edfica del conflicto.<\/p>\n<p align=\"justify\">Patricia L. J\u00e1uregui Romero &#8211; Radio Vaticano<\/p>\n","protected":false},"excerpt":{"rendered":"<p>A partir de este 7 de noviembre y hasta el pr\u00f3ximo d\u00eda 10 el cardenal Robert Sarah, Presidente del Pontificio Consejo Cor Unum, visitar\u00e1 El L\u00edbano en misi\u00f3n especial, para apoyar y conocer el modo en el que la Iglesia puede hacer m\u00e1s efectiva su ayuda, no solo material sino tambi\u00e9n espiritual, a los miles &hellip; <a href=\"https:\/\/www.biblia.work\/sermones\/el-cardenal-sarah-viaja-a-libano-en-mision-de-paz-para-siria-y-lleva-un-millon-de-dolares-de-donativo-del-papa-y-de-los-padres-sinodales\/\" class=\"more-link\">Continuar leyendo<span class=\"screen-reader-text\"> \u00abEl cardenal Sarah viaja a L\u00edbano en misi\u00f3n de paz para Siria y lleva un mill\u00f3n de d\u00f3lares de donativo del Papa y de los padres sinodales\u00bb<\/span><\/a><\/p>\n","protected":false},"author":1,"featured_media":0,"comment_status":"open","ping_status":"closed","sticky":false,"template":"","format":"standard","meta":{"footnotes":""},"categories":[1],"tags":[],"class_list":["post-38640","post","type-post","status-publish","format-standard","hentry","category-general"],"_links":{"self":[{"href":"https:\/\/www.biblia.work\/sermones\/wp-json\/wp\/v2\/posts\/38640","targetHints":{"allow":["GET"]}}],"collection":[{"href":"https:\/\/www.biblia.work\/sermones\/wp-json\/wp\/v2\/posts"}],"about":[{"href":"https:\/\/www.biblia.work\/sermones\/wp-json\/wp\/v2\/types\/post"}],"author":[{"embeddable":true,"href":"https:\/\/www.biblia.work\/sermones\/wp-json\/wp\/v2\/users\/1"}],"replies":[{"embeddable":true,"href":"https:\/\/www.biblia.work\/sermones\/wp-json\/wp\/v2\/comments?post=38640"}],"version-history":[{"count":0,"href":"https:\/\/www.biblia.work\/sermones\/wp-json\/wp\/v2\/posts\/38640\/revisions"}],"wp:attachment":[{"href":"https:\/\/www.biblia.work\/sermones\/wp-json\/wp\/v2\/media?parent=38640"}],"wp:term":[{"taxonomy":"category","embeddable":true,"href":"https:\/\/www.biblia.work\/sermones\/wp-json\/wp\/v2\/categories?post=38640"},{"taxonomy":"post_tag","embeddable":true,"href":"https:\/\/www.biblia.work\/sermones\/wp-json\/wp\/v2\/tags?post=38640"}],"curies":[{"name":"wp","href":"https:\/\/api.w.org\/{rel}","templated":true}]}}