{"id":38641,"date":"2016-06-21T18:10:49","date_gmt":"2016-06-21T23:10:49","guid":{"rendered":"http:\/\/www.biblia.work\/sermones\/rene-brulhart-director-de-la-autoridad-de-informacion-financiera-aif-vaticana\/"},"modified":"2016-06-21T18:10:49","modified_gmt":"2016-06-21T23:10:49","slug":"rene-brulhart-director-de-la-autoridad-de-informacion-financiera-aif-vaticana","status":"publish","type":"post","link":"https:\/\/www.biblia.work\/sermones\/rene-brulhart-director-de-la-autoridad-de-informacion-financiera-aif-vaticana\/","title":{"rendered":"Ren\u00e9 Br\u00fclhart, director de la Autoridad de Informaci\u00f3n Financiera (AIF) Vaticana"},"content":{"rendered":"<p align=\"justify\">Francesco De Pasquale, director de la Autoridad de Informaci\u00f3n Financiera (AIF) desde junio de 2011, ha sido nombrado miembro del Consejo Directivo de la misma. Le sucede Ren\u00e9 Br\u00fclhart, ex responsable de la Unidad de Informaci\u00f3n Financiera de Liechtenstein.<\/p>\n<p align=\"justify\">El abogado Francesco De Pasquale, funcionario con larga experiencia en la Oficina de Cambio italiana y en el Banco de Italia, director de la AIF desde junio de 2011, ha sido nombrado miembro del Consejo de Administraci\u00f3n de la misma (adem\u00e1s del Presidente, el cardenal Nicora, est\u00e1 compuesto por el prof. Condemi, el prof. Dalla Torre, el prof. Bianchi y el dr. Testa).<\/p>\n<p align=\"justify\">Para sucederle, el card. Nicora nombr\u00f3 director de la AIF a Ren\u00e9 Br\u00fclhart, ex jefe de la Unidad de Informaci\u00f3n Financiera de Liechtenstein y Vicepresidente del Grupo Egmont, la red internacional de unidades de informaci\u00f3n financiera. Desde septiembre de este a\u00f1o Ren\u00e9 Br\u00fclhart es consejero de la Santa Sede y del Estado de la Ciudad del Vaticano para la prevenci\u00f3n y la lucha contra el blanqueo de dinero y la financiaci\u00f3n del terrorismo.<\/p>\n<p align=\"justify\">Con la promoci\u00f3n de Francesco De Pasquale al Consejo de Administraci\u00f3n y la designaci\u00f3n de Ren\u00e9 Br\u00fclhart como director, el AIF refuerza su organizaci\u00f3n interna. Adem\u00e1s, esto supone un nuevo paso en el proceso de la lucha contra el blanqueo de dinero y la financiaci\u00f3n del terrorismo.<\/p>\n<p align=\"justify\">&nbsp;<\/p>\n<p align=\"right\">Ciudad del Vaticano, 7 noviembre 2012 (VIS).-<\/p>\n","protected":false},"excerpt":{"rendered":"<p>Francesco De Pasquale, director de la Autoridad de Informaci\u00f3n Financiera (AIF) desde junio de 2011, ha sido nombrado miembro del Consejo Directivo de la misma. Le sucede Ren\u00e9 Br\u00fclhart, ex responsable de la Unidad de Informaci\u00f3n Financiera de Liechtenstein. El abogado Francesco De Pasquale, funcionario con larga experiencia en la Oficina de Cambio italiana y &hellip; <a href=\"https:\/\/www.biblia.work\/sermones\/rene-brulhart-director-de-la-autoridad-de-informacion-financiera-aif-vaticana\/\" class=\"more-link\">Continuar leyendo<span class=\"screen-reader-text\"> \u00abRen\u00e9 Br\u00fclhart, director de la Autoridad de Informaci\u00f3n Financiera (AIF) Vaticana\u00bb<\/span><\/a><\/p>\n","protected":false},"author":1,"featured_media":0,"comment_status":"open","ping_status":"closed","sticky":false,"template":"","format":"standard","meta":{"footnotes":""},"categories":[1],"tags":[],"class_list":["post-38641","post","type-post","status-publish","format-standard","hentry","category-general"],"_links":{"self":[{"href":"https:\/\/www.biblia.work\/sermones\/wp-json\/wp\/v2\/posts\/38641","targetHints":{"allow":["GET"]}}],"collection":[{"href":"https:\/\/www.biblia.work\/sermones\/wp-json\/wp\/v2\/posts"}],"about":[{"href":"https:\/\/www.biblia.work\/sermones\/wp-json\/wp\/v2\/types\/post"}],"author":[{"embeddable":true,"href":"https:\/\/www.biblia.work\/sermones\/wp-json\/wp\/v2\/users\/1"}],"replies":[{"embeddable":true,"href":"https:\/\/www.biblia.work\/sermones\/wp-json\/wp\/v2\/comments?post=38641"}],"version-history":[{"count":0,"href":"https:\/\/www.biblia.work\/sermones\/wp-json\/wp\/v2\/posts\/38641\/revisions"}],"wp:attachment":[{"href":"https:\/\/www.biblia.work\/sermones\/wp-json\/wp\/v2\/media?parent=38641"}],"wp:term":[{"taxonomy":"category","embeddable":true,"href":"https:\/\/www.biblia.work\/sermones\/wp-json\/wp\/v2\/categories?post=38641"},{"taxonomy":"post_tag","embeddable":true,"href":"https:\/\/www.biblia.work\/sermones\/wp-json\/wp\/v2\/tags?post=38641"}],"curies":[{"name":"wp","href":"https:\/\/api.w.org\/{rel}","templated":true}]}}