{"id":38643,"date":"2016-06-21T18:10:59","date_gmt":"2016-06-21T23:10:59","guid":{"rendered":"http:\/\/www.biblia.work\/sermones\/benedicto-xvi-llama-de-nuevo-a-la-paz-en-siria-y-envia-al-cardenal-sarah-a-libano-para-seguir-la-situacion\/"},"modified":"2016-06-21T18:10:59","modified_gmt":"2016-06-21T23:10:59","slug":"benedicto-xvi-llama-de-nuevo-a-la-paz-en-siria-y-envia-al-cardenal-sarah-a-libano-para-seguir-la-situacion","status":"publish","type":"post","link":"https:\/\/www.biblia.work\/sermones\/benedicto-xvi-llama-de-nuevo-a-la-paz-en-siria-y-envia-al-cardenal-sarah-a-libano-para-seguir-la-situacion\/","title":{"rendered":"Benedicto XVI llama de nuevo a la paz en Siria y env\u00eda al cardenal Sarah a L\u00edbano para seguir la situaci\u00f3n"},"content":{"rendered":"<p align=\"justify\">Despu\u00e9s de su catequesis y antes de rezar el Padrenuestro, el Santo Padre dirigi\u00f3 un nuevo un llamamiento ante la situaci\u00f3n de violencia que se vive en Siria, en que reafirm\u00f3 que \u201cNunca es demasiado tarde para trabajar por la paz\u201d:<br \/>\n<em>Sigo con particular atenci\u00f3n la tr\u00e1gica situaci\u00f3n de violencia en Siria, donde no se detiene el fragor de las armas, y cada d\u00eda aumenta el n\u00famero de las v\u00edctimas y el terrible sufrimiento de la poblaci\u00f3n, en particular de cuantos han debido dejar sus casas. Mi deseo era enviar a Damasco una Delegaci\u00f3n de Padres Sinodales para manifestar a la poblaci\u00f3n de Siria mi solidaridad, y la de toda la Iglesia, y mi cercan\u00eda espiritual a las comunidades cristianas del Pa\u00eds. <\/em><br \/>\n<em><\/em><\/p>\n<p align=\"justify\"><em>Lamentablemente, diversas circunstancias y acontecimientos no han hecho posible la iniciativa en el modo deseado, y por tanto he decidido confiar una misi\u00f3n especial al Eminent\u00edsimo Cardenal Robert Sarah, Presidente del Consejo Pontificio Cor Unum.<\/em><br \/>\n<em> <\/em><\/p>\n<p align=\"justify\"><em>Desde hoy y hasta el 10 de noviembre pr\u00f3ximo estar\u00e1 en el L\u00edbano, para encontrarse con los pastores y fieles de la Iglesia en Siria; visitar\u00e1 algunos refugiados provenientes de dicho Pa\u00eds y presidir\u00e1 una reuni\u00f3n de coordinaci\u00f3n con las Instituciones cat\u00f3licas de caridad, a las que la Santa Sede les ha pedido un particular compromiso en favor de la poblaci\u00f3n siria, tanto dentro como fuera del Pa\u00eds.<\/em><br \/>\n<em> <\/em><\/p>\n<p align=\"justify\"><em>Mientras elevo mi oraci\u00f3n a Dios, renuevo la invitaci\u00f3n a las partes del conflicto y a cuantos desean el bien de Siria a no ahorrar ning\u00fan esfuerzo en la b\u00fasqueda de la paz y a buscar, por medio del di\u00e1logo, los caminos que conducen a una justa convivencia, con el fin de lograr una adecuada soluci\u00f3n pol\u00edtica del conflicto. Nunca es demasiado tarde para trabajar por la paz.<\/em><br \/>\n(Mar\u00eda Fernanda Bernasconi \u2013 RV).<\/p>\n","protected":false},"excerpt":{"rendered":"<p>Despu\u00e9s de su catequesis y antes de rezar el Padrenuestro, el Santo Padre dirigi\u00f3 un nuevo un llamamiento ante la situaci\u00f3n de violencia que se vive en Siria, en que reafirm\u00f3 que \u201cNunca es demasiado tarde para trabajar por la paz\u201d: Sigo con particular atenci\u00f3n la tr\u00e1gica situaci\u00f3n de violencia en Siria, donde no se &hellip; <a href=\"https:\/\/www.biblia.work\/sermones\/benedicto-xvi-llama-de-nuevo-a-la-paz-en-siria-y-envia-al-cardenal-sarah-a-libano-para-seguir-la-situacion\/\" class=\"more-link\">Continuar leyendo<span class=\"screen-reader-text\"> \u00abBenedicto XVI llama de nuevo a la paz en Siria y env\u00eda al cardenal Sarah a L\u00edbano para seguir la situaci\u00f3n\u00bb<\/span><\/a><\/p>\n","protected":false},"author":1,"featured_media":0,"comment_status":"open","ping_status":"closed","sticky":false,"template":"","format":"standard","meta":{"footnotes":""},"categories":[1],"tags":[],"class_list":["post-38643","post","type-post","status-publish","format-standard","hentry","category-general"],"_links":{"self":[{"href":"https:\/\/www.biblia.work\/sermones\/wp-json\/wp\/v2\/posts\/38643","targetHints":{"allow":["GET"]}}],"collection":[{"href":"https:\/\/www.biblia.work\/sermones\/wp-json\/wp\/v2\/posts"}],"about":[{"href":"https:\/\/www.biblia.work\/sermones\/wp-json\/wp\/v2\/types\/post"}],"author":[{"embeddable":true,"href":"https:\/\/www.biblia.work\/sermones\/wp-json\/wp\/v2\/users\/1"}],"replies":[{"embeddable":true,"href":"https:\/\/www.biblia.work\/sermones\/wp-json\/wp\/v2\/comments?post=38643"}],"version-history":[{"count":0,"href":"https:\/\/www.biblia.work\/sermones\/wp-json\/wp\/v2\/posts\/38643\/revisions"}],"wp:attachment":[{"href":"https:\/\/www.biblia.work\/sermones\/wp-json\/wp\/v2\/media?parent=38643"}],"wp:term":[{"taxonomy":"category","embeddable":true,"href":"https:\/\/www.biblia.work\/sermones\/wp-json\/wp\/v2\/categories?post=38643"},{"taxonomy":"post_tag","embeddable":true,"href":"https:\/\/www.biblia.work\/sermones\/wp-json\/wp\/v2\/tags?post=38643"}],"curies":[{"name":"wp","href":"https:\/\/api.w.org\/{rel}","templated":true}]}}