{"id":38645,"date":"2016-06-21T18:11:11","date_gmt":"2016-06-21T23:11:11","guid":{"rendered":"http:\/\/www.biblia.work\/sermones\/cinco-anos-de-la-carta-apostolica-motu-proprio-summorum-pontificum\/"},"modified":"2016-06-21T18:11:11","modified_gmt":"2016-06-21T23:11:11","slug":"cinco-anos-de-la-carta-apostolica-motu-proprio-summorum-pontificum","status":"publish","type":"post","link":"https:\/\/www.biblia.work\/sermones\/cinco-anos-de-la-carta-apostolica-motu-proprio-summorum-pontificum\/","title":{"rendered":"Cinco a\u00f1os de la carta apost\u00f3lica \u201cMotu Proprio, Summorum Pontificum\u201d"},"content":{"rendered":"<p align=\"justify\">En un mensaje enviado en nombre de Benedicto XVI con ocasi\u00f3n del quinto aniversario de la carta apost\u00f3lica Summorum Pontificum, el cardenal Tarcisio Bertone, Secretario de Estado, ha afirmado que, &#8220;a trav\u00e9s de este motu proprio, el Santo Padre ha querido responder a las esperanzas de los fieles vinculados a las formas lit\u00fargicas anteriores&#8221; al Concilio Vaticano II.<\/p>\n<p align=\"justify\">La Carta Apost\u00f3lica &#8220;Motu Proprio data&#8221;, &#8220;Summorum Pontificum&#8221; de Benedicto XVI, sobre el uso de la liturgia romana anterior a la reforma de 1970, fue publicada el 7 de julio del 2007 y entr\u00f3 en vigor el 14 de septiembre del mismo a\u00f1o.<\/p>\n<p align=\"justify\">El Secretario de estado afirma en su mensaje que &#8220;es una buena cosa conservar las riquezas que han crecido en la fe y en la oraci\u00f3n de la Iglesia, y darles el espacio adecuado, reconociendo sin embargo plenamente el valor y la santidad de la forma ordinaria del rito romano&#8221;.<\/p>\n<p align=\"justify\">En el A\u00f1o de la Fe, a\u00f1ade el card. Bertone, &#8220;promulgado mientras la Iglesia celebra el 50 aniversario del Concilio Vaticano II, el Santo Padre invita a todos los fieles a manifestar de modo particular su unidad en la fe, de este modo ser\u00e1n art\u00edfices eficaces de la nueva evangelizaci\u00f3n&#8221;.<\/p>\n<p align=\"justify\">Este mensaje, escrito en franc\u00e9s, ha sido le\u00eddo durante la peregrinaci\u00f3n internacional a Roma &#8220;Una cum Papa nostro&#8221;, organizado por el Coetus internationalis Summorum Pontificum. El momento m\u00e1s importante de la peregrinaci\u00f3n fue la Santa Misa presidida por el cardenal Antonio Ca\u00f1izares, prefecto de la Congregaci\u00f3n para el Culto Divino y la Disciplina de los Sacramentos, celebrada seg\u00fan la forma extraordinaria del rito romano. En la misma participaron numeroso fieles pertenecientes a grupos vinculados al uso del misal aprobado en 1962 por Juan XXIII y en vigor hasta la reforma conciliar.<\/p>\n<p align=\"justify\">&nbsp;<\/p>\n<p align=\"right\">Ciudad del Vaticano, 6 noviembre 2012 (VIS).-<\/p>\n","protected":false},"excerpt":{"rendered":"<p>En un mensaje enviado en nombre de Benedicto XVI con ocasi\u00f3n del quinto aniversario de la carta apost\u00f3lica Summorum Pontificum, el cardenal Tarcisio Bertone, Secretario de Estado, ha afirmado que, &#8220;a trav\u00e9s de este motu proprio, el Santo Padre ha querido responder a las esperanzas de los fieles vinculados a las formas lit\u00fargicas anteriores&#8221; al &hellip; <a href=\"https:\/\/www.biblia.work\/sermones\/cinco-anos-de-la-carta-apostolica-motu-proprio-summorum-pontificum\/\" class=\"more-link\">Continuar leyendo<span class=\"screen-reader-text\"> \u00abCinco a\u00f1os de la carta apost\u00f3lica \u201cMotu Proprio, Summorum Pontificum\u201d\u00bb<\/span><\/a><\/p>\n","protected":false},"author":1,"featured_media":0,"comment_status":"open","ping_status":"closed","sticky":false,"template":"","format":"standard","meta":{"footnotes":""},"categories":[1],"tags":[],"class_list":["post-38645","post","type-post","status-publish","format-standard","hentry","category-general"],"_links":{"self":[{"href":"https:\/\/www.biblia.work\/sermones\/wp-json\/wp\/v2\/posts\/38645","targetHints":{"allow":["GET"]}}],"collection":[{"href":"https:\/\/www.biblia.work\/sermones\/wp-json\/wp\/v2\/posts"}],"about":[{"href":"https:\/\/www.biblia.work\/sermones\/wp-json\/wp\/v2\/types\/post"}],"author":[{"embeddable":true,"href":"https:\/\/www.biblia.work\/sermones\/wp-json\/wp\/v2\/users\/1"}],"replies":[{"embeddable":true,"href":"https:\/\/www.biblia.work\/sermones\/wp-json\/wp\/v2\/comments?post=38645"}],"version-history":[{"count":0,"href":"https:\/\/www.biblia.work\/sermones\/wp-json\/wp\/v2\/posts\/38645\/revisions"}],"wp:attachment":[{"href":"https:\/\/www.biblia.work\/sermones\/wp-json\/wp\/v2\/media?parent=38645"}],"wp:term":[{"taxonomy":"category","embeddable":true,"href":"https:\/\/www.biblia.work\/sermones\/wp-json\/wp\/v2\/categories?post=38645"},{"taxonomy":"post_tag","embeddable":true,"href":"https:\/\/www.biblia.work\/sermones\/wp-json\/wp\/v2\/tags?post=38645"}],"curies":[{"name":"wp","href":"https:\/\/api.w.org\/{rel}","templated":true}]}}