{"id":38648,"date":"2016-06-21T18:11:25","date_gmt":"2016-06-21T23:11:25","guid":{"rendered":"http:\/\/www.biblia.work\/sermones\/vatileaks-hoy-ha-comenzado-el-juicio-al-informatico-claudio-sciarpelletti\/"},"modified":"2016-06-21T18:11:25","modified_gmt":"2016-06-21T23:11:25","slug":"vatileaks-hoy-ha-comenzado-el-juicio-al-informatico-claudio-sciarpelletti","status":"publish","type":"post","link":"https:\/\/www.biblia.work\/sermones\/vatileaks-hoy-ha-comenzado-el-juicio-al-informatico-claudio-sciarpelletti\/","title":{"rendered":"Vatileaks: Hoy ha comenzado el juicio al inform\u00e1tico Claudio Sciarpelletti"},"content":{"rendered":"<p align=\"justify\">Con el exmayordomo papal encarcelado en una prisi\u00f3n Vaticana comienza &#8216;Vatileaks, capitulo segundo&#8217;: el inform\u00e1tico<strong> Claudio Sciarpelletti<\/strong> debe responder ante el tribunal de la acusaci\u00f3n de favorecer el robo de documentos.<\/p>\n<p align=\"justify\">En principio, el juicio al t\u00e9cnico formaba parte com\u00fan con el caso del ex ayuda de c\u00e1mara papal, <strong>Paolo Gabriele<\/strong>. En la primera sesi\u00f3n de aquella sesi\u00f3n se decidi\u00f3 que ten\u00edan que celebrarse vistas separadas. Aunque Claudio Sciarpelletti fue detenido el 25 de mayo, dos d\u00edas despu\u00e9s que Gabriele, no se supo de su existencia hasta que el caso se envi\u00f3 a juicio el pasado 13 de agosto.<\/p>\n<p align=\"justify\">Desde el principio, la Santa Sede ha minimizado la participaci\u00f3n del inform\u00e1tico en la filtraci\u00f3n y robo de noticias. Pas\u00f3 una noche en prisi\u00f3n provisional por contradicci\u00f3n en sus declaraciones y se le descubri\u00f3 en posesi\u00f3n de un sobre con algunos documentos calificados como \u00bfno reservados\u00bf, seg\u00fan su abogado.<\/p>\n<p align=\"justify\">Posteriormente, el fiscal comprob\u00f3 que aquellos documentos formaban parte del cap\u00edtulo titulado \u201cNapole\u00f3n en Vaticano\u201d, una de las partes del libro \u201cSu Santidad\u201d, publicado por el periodista <strong>Gianluigi Nuzzi<\/strong> y en el que transcribe los documentos que le entreg\u00f3 el exmayordomo.<\/p>\n<p align=\"justify\">En principio el inform\u00e1tico dijo que el sobre se lo hab\u00eda entregado Paolo Gabriele. Posteriormente, asegur\u00f3 que se lo hab\u00eda dado un monse\u00f1or que aparece en la instrucci\u00f3n oculto tras la letra W. El documento tiene timbre de la Secretar\u00eda de Estado.<\/p>\n<p align=\"justify\">El inform\u00e1tico se declara no culpable y sostiene que conoc\u00eda al mayordomo pero nunca ha mantenido una gran amistad con el condenado Paolo Gabriele.<\/p>\n<p align=\"justify\">El juicio ser\u00e1 breve. Quiz\u00e1s se resuelva en dos sesiones y es posible que Sciarpelletti quede libre de toda acusaci\u00f3n.<\/p>\n<p align=\"justify\">Fuente: www.rtve.es<\/p>\n","protected":false},"excerpt":{"rendered":"<p>Con el exmayordomo papal encarcelado en una prisi\u00f3n Vaticana comienza &#8216;Vatileaks, capitulo segundo&#8217;: el inform\u00e1tico Claudio Sciarpelletti debe responder ante el tribunal de la acusaci\u00f3n de favorecer el robo de documentos. En principio, el juicio al t\u00e9cnico formaba parte com\u00fan con el caso del ex ayuda de c\u00e1mara papal, Paolo Gabriele. En la primera sesi\u00f3n &hellip; <a href=\"https:\/\/www.biblia.work\/sermones\/vatileaks-hoy-ha-comenzado-el-juicio-al-informatico-claudio-sciarpelletti\/\" class=\"more-link\">Continuar leyendo<span class=\"screen-reader-text\"> \u00abVatileaks: Hoy ha comenzado el juicio al inform\u00e1tico Claudio Sciarpelletti\u00bb<\/span><\/a><\/p>\n","protected":false},"author":1,"featured_media":0,"comment_status":"open","ping_status":"closed","sticky":false,"template":"","format":"standard","meta":{"footnotes":""},"categories":[1],"tags":[],"class_list":["post-38648","post","type-post","status-publish","format-standard","hentry","category-general"],"_links":{"self":[{"href":"https:\/\/www.biblia.work\/sermones\/wp-json\/wp\/v2\/posts\/38648","targetHints":{"allow":["GET"]}}],"collection":[{"href":"https:\/\/www.biblia.work\/sermones\/wp-json\/wp\/v2\/posts"}],"about":[{"href":"https:\/\/www.biblia.work\/sermones\/wp-json\/wp\/v2\/types\/post"}],"author":[{"embeddable":true,"href":"https:\/\/www.biblia.work\/sermones\/wp-json\/wp\/v2\/users\/1"}],"replies":[{"embeddable":true,"href":"https:\/\/www.biblia.work\/sermones\/wp-json\/wp\/v2\/comments?post=38648"}],"version-history":[{"count":0,"href":"https:\/\/www.biblia.work\/sermones\/wp-json\/wp\/v2\/posts\/38648\/revisions"}],"wp:attachment":[{"href":"https:\/\/www.biblia.work\/sermones\/wp-json\/wp\/v2\/media?parent=38648"}],"wp:term":[{"taxonomy":"category","embeddable":true,"href":"https:\/\/www.biblia.work\/sermones\/wp-json\/wp\/v2\/categories?post=38648"},{"taxonomy":"post_tag","embeddable":true,"href":"https:\/\/www.biblia.work\/sermones\/wp-json\/wp\/v2\/tags?post=38648"}],"curies":[{"name":"wp","href":"https:\/\/api.w.org\/{rel}","templated":true}]}}