{"id":38650,"date":"2016-06-21T18:11:38","date_gmt":"2016-06-21T23:11:38","guid":{"rendered":"http:\/\/www.biblia.work\/sermones\/en-espanol-la-alocucion-de-benedicto-xvi-para-el-angelus-del-domingo-4-noviembre-2012\/"},"modified":"2016-06-21T18:11:38","modified_gmt":"2016-06-21T23:11:38","slug":"en-espanol-la-alocucion-de-benedicto-xvi-para-el-angelus-del-domingo-4-noviembre-2012","status":"publish","type":"post","link":"https:\/\/www.biblia.work\/sermones\/en-espanol-la-alocucion-de-benedicto-xvi-para-el-angelus-del-domingo-4-noviembre-2012\/","title":{"rendered":"En espa\u00f1ol, la alocuci\u00f3n de Benedicto XVI para el \u00c1ngelus del domingo 4 noviembre 2012"},"content":{"rendered":"<p align=\"justify\">El Evangelio de este domingo, (Mc 12,28-34) nos vuelve a proponer las ense\u00f1anzas de Jes\u00fas, sobre el m\u00e1s grande mandamiento: el mandamiento del amor, que es doble: amar a Dios y amar al pr\u00f3jimo.<\/p>\n<p align=\"justify\">Los Santos, que hemos celebrado todos recientemente en una \u00fanica fiesta solemne, son propiamente aquellos, que, confiando en la gracia de Dios, buscan vivir seg\u00fan esta ley fundamental.<\/p>\n<p align=\"justify\">En efecto, el mandamiento del amor lo puede poner plenamente en pr\u00e1ctica quien vive una relaci\u00f3n profunda con Dios, as\u00ed como el ni\u00f1o aprende a amar a partir de una buena relaci\u00f3n con la madre y el padre.<\/p>\n<p align=\"justify\">San Juan de \u00c1vila, que proclam\u00e9 hace poco Doctor de la Iglesia, escribe as\u00ed al inicio de su Tratado sobre el amor de Dios: \u00abLa causa que m\u00e1s empuja nuestro coraz\u00f3n al amor de Dios es considerar profundamente el amor que \u00c9l ha tenido por nosotros\u2026 Esto m\u00e1s que los mismos beneficios, empuja el coraz\u00f3n a amar; porque aquel que ofrece a otro un beneficio, le da algo que posee; pero aquel que ama se da as\u00ed mismo con todo lo que tiene, sin que le queda nada m\u00e1s que dar\u00bb (n. 1). Antes de ser un mandato, el amor es un don, una realidad que Dios nos hace conocer, experimentar, de manera que como una semilla, que pueda germinar incluso dentro de nosotros y desarrollarse en nuestra vida.<\/p>\n<p align=\"justify\">Si el amor de Dios ha metido ra\u00edces profundas en una persona, \u00e9sta esta en grado de amar incluso a quien no lo merece, como justamente hace Dios hacia nosotros. El padre y la madre no aman a sus hijos s\u00f3lo cuando lo merecen: los aman siempre, aunque si naturalmente les hacen entender cuando se equivocan. De Dios aprendemos a querer siempre y nada m\u00e1s que el bien y nunca el mal.<\/p>\n<p align=\"justify\">Aprendemos a mirar al otro no s\u00f3lo con nuestros ojos, sino con la mirada de Dios, que es la mirada de Jesucristo. Una mirada que parte del coraz\u00f3n y no se detiene en la superficie, va m\u00e1s all\u00e1 de las apariencias y logra acoger las expectativas profundas del otro: ser escuchado, tener una atenci\u00f3n gratuita, en una palabra: ser amado.<\/p>\n<p align=\"justify\">Pero se verifica tambi\u00e9n el recorrido inverso: que abri\u00e9ndome al otro as\u00ed como es, yendo a buscarlo, haci\u00e9ndome disponible, me abro tambi\u00e9n al conocer a Dios, a sentir que \u00c9l existe y es bueno. Amor de Dios y amor del pr\u00f3jimo son inseparables y tiene una relaci\u00f3n rec\u00edproca. Jes\u00fas no ha inventado ni uno ni otro, sino que ha revelado que son en fondo, un \u00fanico mandamiento, y lo ha hecho no solamente con la palabra, sino sobre todo con su testimonio: la misma Persona de Jes\u00fas y todo su misterio encarnan la unidad del amor de Dios y del pr\u00f3jimo, como dos brazos de la Cruz, vertical y horizontal. En la Eucarist\u00eda, \u00c9l nos dona este doble amor, don\u00e1ndose a s\u00ed mismo, porque nutridos de este Pan, nos amamos los unos a los otros como \u00c9l nos ha amado.<\/p>\n<p align=\"justify\">Queridos amigos, por intercesi\u00f3n de la Virgen Mar\u00eda, oremos para que todo cristiano sepa mostrar su fe en el \u00fanico verdadero Dios con un l\u00edmpido testimonio de amor hacia el pr\u00f3jimo. Traducci\u00f3n del original italiano: Patricia Ynestroza &#8211; RV<\/p>\n","protected":false},"excerpt":{"rendered":"<p>El Evangelio de este domingo, (Mc 12,28-34) nos vuelve a proponer las ense\u00f1anzas de Jes\u00fas, sobre el m\u00e1s grande mandamiento: el mandamiento del amor, que es doble: amar a Dios y amar al pr\u00f3jimo. Los Santos, que hemos celebrado todos recientemente en una \u00fanica fiesta solemne, son propiamente aquellos, que, confiando en la gracia de &hellip; <a href=\"https:\/\/www.biblia.work\/sermones\/en-espanol-la-alocucion-de-benedicto-xvi-para-el-angelus-del-domingo-4-noviembre-2012\/\" class=\"more-link\">Continuar leyendo<span class=\"screen-reader-text\"> \u00abEn espa\u00f1ol, la alocuci\u00f3n de Benedicto XVI para el \u00c1ngelus del domingo 4 noviembre 2012\u00bb<\/span><\/a><\/p>\n","protected":false},"author":1,"featured_media":0,"comment_status":"open","ping_status":"closed","sticky":false,"template":"","format":"standard","meta":{"footnotes":""},"categories":[1],"tags":[],"class_list":["post-38650","post","type-post","status-publish","format-standard","hentry","category-general"],"_links":{"self":[{"href":"https:\/\/www.biblia.work\/sermones\/wp-json\/wp\/v2\/posts\/38650","targetHints":{"allow":["GET"]}}],"collection":[{"href":"https:\/\/www.biblia.work\/sermones\/wp-json\/wp\/v2\/posts"}],"about":[{"href":"https:\/\/www.biblia.work\/sermones\/wp-json\/wp\/v2\/types\/post"}],"author":[{"embeddable":true,"href":"https:\/\/www.biblia.work\/sermones\/wp-json\/wp\/v2\/users\/1"}],"replies":[{"embeddable":true,"href":"https:\/\/www.biblia.work\/sermones\/wp-json\/wp\/v2\/comments?post=38650"}],"version-history":[{"count":0,"href":"https:\/\/www.biblia.work\/sermones\/wp-json\/wp\/v2\/posts\/38650\/revisions"}],"wp:attachment":[{"href":"https:\/\/www.biblia.work\/sermones\/wp-json\/wp\/v2\/media?parent=38650"}],"wp:term":[{"taxonomy":"category","embeddable":true,"href":"https:\/\/www.biblia.work\/sermones\/wp-json\/wp\/v2\/categories?post=38650"},{"taxonomy":"post_tag","embeddable":true,"href":"https:\/\/www.biblia.work\/sermones\/wp-json\/wp\/v2\/tags?post=38650"}],"curies":[{"name":"wp","href":"https:\/\/api.w.org\/{rel}","templated":true}]}}