{"id":38651,"date":"2016-06-21T18:11:43","date_gmt":"2016-06-21T23:11:43","guid":{"rendered":"http:\/\/www.biblia.work\/sermones\/el-papa-benedicto-xvi-visito-las-tumbas-de-los-papas-y-oficio-misa-por-los-cardenales-y-obispos-difuntos\/"},"modified":"2016-06-21T18:11:43","modified_gmt":"2016-06-21T23:11:43","slug":"el-papa-benedicto-xvi-visito-las-tumbas-de-los-papas-y-oficio-misa-por-los-cardenales-y-obispos-difuntos","status":"publish","type":"post","link":"https:\/\/www.biblia.work\/sermones\/el-papa-benedicto-xvi-visito-las-tumbas-de-los-papas-y-oficio-misa-por-los-cardenales-y-obispos-difuntos\/","title":{"rendered":"El Papa Benedicto XVI visit\u00f3 las tumbas de los Papas y ofici\u00f3 misa por los cardenales y obispos difuntos"},"content":{"rendered":"<h5>Nuestra esperanza descansa en el amor de Dios que brilla en la Cruz de Cristo y su Resurrecci\u00f3n. Mientras en nuestros corazones sigue vivo el clima de la comuni\u00f3n de los Santos y de la conmemoraci\u00f3n de los fieles difuntos, que la liturgia nos ha hecho vivir intensamente en las celebraciones de estos d\u00edas, Benedicto XVI presidi\u00f3 el 3 de noviembre \u2013 en el Altar de la C\u00e1tedra de San Pedro \u2013 la tradicional Santa Misa en sufragio por los Cardenales y Obispos fallecidos a lo largo del a\u00f1o:\u00a0<\/h5>\n<h5>\u00a0<br \/>\nEn particular, recordamos a los llorados Hermanos Cardenales John Patrick Foley, Anthony Bevilacqua, Jos\u00e9 S\u00e1nchez, Ignace Moussa Daoud, Luis Aponte Mart\u00ednez, Rodolfo Quezada Toru\u0148o, Eug\u00eanio de Ara\u00fajo Sales, Paul Shan Kuo-hsi, Carlo Maria Martini, Fortunato Baldelli. Extendemos nuestro afectuoso recuerdo tambi\u00e9n a todos los arzobispos y obispos difuntos, pidiendo al Se\u00f1or piadoso, misericordioso y justo (cfr. Sal 114), que les conceda el premio eterno prometido a los fieles servidores del Evangelio.<\/h5>\n<h5>Evocando el testimonio de los Cardenales y Obispos difuntos a lo largo de este a\u00f1o, el Papa puso de relieve su misi\u00f3n desarrollada como disc\u00edpulos mansos, misericordiosos, puros de coraz\u00f3n y constructores de paz:<\/h5>\n<h5>Amigos del Se\u00f1or que, confiando en su promesa, aun en las dificultades y persecuciones, mantuvieron la alegr\u00eda de la fe, y ahora moran para siempre en la casa del Padre y disfrutan de la recompensa celestial, llenos de felicidad y de gracia. Los Pastores que recordamos hoy, en efecto, sirvieron a la Iglesia con fidelidad y amor, afrontando pruebas a veces duras, con el fin de asegurar atenci\u00f3n y cuidado al reba\u00f1o a ellos confiado. En la variedad de sus dones y competencias, dieron ejemplo de cuidadosa vigilancia y de sabia y celosa dedicaci\u00f3n al Reino de Dios, brindando una valiosa contribuci\u00f3n a la \u00e9poca post-conciliar, tiempo de renovaci\u00f3n de toda la Iglesia.<\/h5>\n<h5>Tras reflexionar sobre los lazos que nos unen a nuestros seres queridos que nos han precedido en la peregrinaci\u00f3n terrena rumbo a la eternidad, el Santo Padre se refiri\u00f3 a las visitas a los cementerios que se renuevan en especial en estas fechas, que renuevan un di\u00e1logo y comuni\u00f3n que la muerte no puede interrumpir. Las tumbas nos hablan de la vida de los fallecidos, se\u00f1al\u00f3 el Papa \u2013 destacando que en Roma, las catacumbas, pero tambi\u00e9n en todos los cementerios de nuestras ciudades y pa\u00edses \u2013 es como si cruz\u00e1ramos un umbral inmaterial y entr\u00e1ramos en comunicaci\u00f3n con los que all\u00ed custodian su pasado, alegr\u00edas y dolores, derrotas y esperanzas.<\/h5>\n<h5>El ser humano de toda \u00e9poca busca un rayo de luz que alimente la esperanza, que hable de vida enfatiz\u00f3 Benedicto XVI recordando la respuesta de los cristianos ante la muerte:<\/h5>\n<h5>Respondemos con la fe en Dios, con una mirada de esperanza s\u00f3lida que se funda en la Muerte y Resurrecci\u00f3n de Jesucristo. Entonces, la muerte abre a la vida, a la vida eterna, que no es una duplicaci\u00f3n infinita del tiempo presente, sino algo completamente nuevo. La fe nos dice que la verdadera inmortalidad a la que aspiramos no es una idea, un concepto, sino una relaci\u00f3n de comuni\u00f3n plena con el Dios vivo: es estar en sus manos, en su amor, y llegar a ser uno en \u00c9l con todos los hermanos y hermanas que \u00c9l ha creado y redimido, con toda la creaci\u00f3n. Nuestra esperanza descansa entonces en el amor de Dios que brilla en la Cruz de Cristo, y que hace resonar en el coraz\u00f3n las palabras de Jes\u00fas al buen ladr\u00f3n: &#8220;Hoy estar\u00e1s conmigo en el para\u00edso&#8221; (Lucas 23:43). \u00c9sta es la vida en su plenitud: la vida en Dios, una vida que ahora s\u00f3lo podemos vislumbrar, como se puede ver el cielo azul a trav\u00e9s de la niebla.<\/h5>\n<h5>Haciendo resonar una vez m\u00e1s el anuncio de los \u00e1ngeles, proclamado la ma\u00f1ana de la Pascua de Resurrecci\u00f3n, ante la tumba vac\u00eda, anuncio que a lo largo de los siglos sigue impulsando la esperanza cristiana, el Papa reiter\u00f3 que gracias al Bautismo y al Esp\u00edritu Santo percibimos el amor que Dios Padre misericordioso nos comunica con su Hijo, cuya singular existencia humana va acompa\u00f1ada por la de su Madre Sant\u00edsima, que, entre todas las criaturas, veneramos Inmaculada y llena de gracia:<\/h5>\n<h5>Nuestros hermanos cardenales y obispos, que estamos conmemorando, han sido amados con predilecci\u00f3n por la Virgen Mar\u00eda y han correspondido a su amor con devoci\u00f3n filial. A su intercesi\u00f3n maternal, queremos hoy encomendar sus almas, para que Ella los introduzca en el Reino eterno del Padre, rodeados de sus numerosos sus fieles, por quienes gastaron sus vidas. Con su mirada amorosa, Mar\u00eda vele sobre ellos, que ahora duermen el sue\u00f1o de la paz esperando la bienaventurada resurrecci\u00f3n. Elevemos a Dios nuestra oraci\u00f3n por ellos, sostenidos por la esperanza de volver a encontramos todos alg\u00fan d\u00eda, unidos para siempre en el Cielo. Amen<\/h5>\n<h5>(CdM &#8211; RV)<\/h5>\n","protected":false},"excerpt":{"rendered":"<p>Nuestra esperanza descansa en el amor de Dios que brilla en la Cruz de Cristo y su Resurrecci\u00f3n. Mientras en nuestros corazones sigue vivo el clima de la comuni\u00f3n de los Santos y de la conmemoraci\u00f3n de los fieles difuntos, que la liturgia nos ha hecho vivir intensamente en las celebraciones de estos d\u00edas, Benedicto &hellip; <a href=\"https:\/\/www.biblia.work\/sermones\/el-papa-benedicto-xvi-visito-las-tumbas-de-los-papas-y-oficio-misa-por-los-cardenales-y-obispos-difuntos\/\" class=\"more-link\">Continuar leyendo<span class=\"screen-reader-text\"> \u00abEl Papa Benedicto XVI visit\u00f3 las tumbas de los Papas y ofici\u00f3 misa por los cardenales y obispos difuntos\u00bb<\/span><\/a><\/p>\n","protected":false},"author":1,"featured_media":0,"comment_status":"open","ping_status":"closed","sticky":false,"template":"","format":"standard","meta":{"footnotes":""},"categories":[1],"tags":[],"class_list":["post-38651","post","type-post","status-publish","format-standard","hentry","category-general"],"_links":{"self":[{"href":"https:\/\/www.biblia.work\/sermones\/wp-json\/wp\/v2\/posts\/38651","targetHints":{"allow":["GET"]}}],"collection":[{"href":"https:\/\/www.biblia.work\/sermones\/wp-json\/wp\/v2\/posts"}],"about":[{"href":"https:\/\/www.biblia.work\/sermones\/wp-json\/wp\/v2\/types\/post"}],"author":[{"embeddable":true,"href":"https:\/\/www.biblia.work\/sermones\/wp-json\/wp\/v2\/users\/1"}],"replies":[{"embeddable":true,"href":"https:\/\/www.biblia.work\/sermones\/wp-json\/wp\/v2\/comments?post=38651"}],"version-history":[{"count":0,"href":"https:\/\/www.biblia.work\/sermones\/wp-json\/wp\/v2\/posts\/38651\/revisions"}],"wp:attachment":[{"href":"https:\/\/www.biblia.work\/sermones\/wp-json\/wp\/v2\/media?parent=38651"}],"wp:term":[{"taxonomy":"category","embeddable":true,"href":"https:\/\/www.biblia.work\/sermones\/wp-json\/wp\/v2\/categories?post=38651"},{"taxonomy":"post_tag","embeddable":true,"href":"https:\/\/www.biblia.work\/sermones\/wp-json\/wp\/v2\/tags?post=38651"}],"curies":[{"name":"wp","href":"https:\/\/api.w.org\/{rel}","templated":true}]}}