{"id":38652,"date":"2016-06-21T18:11:47","date_gmt":"2016-06-21T23:11:47","guid":{"rendered":"http:\/\/www.biblia.work\/sermones\/el-padre-federico-lombardi-reflexiona-sobre-la-vida-eterna-y-su-interpelacion-para-el-hombre-y-la-iglesia-de-hoy\/"},"modified":"2016-06-21T18:11:47","modified_gmt":"2016-06-21T23:11:47","slug":"el-padre-federico-lombardi-reflexiona-sobre-la-vida-eterna-y-su-interpelacion-para-el-hombre-y-la-iglesia-de-hoy","status":"publish","type":"post","link":"https:\/\/www.biblia.work\/sermones\/el-padre-federico-lombardi-reflexiona-sobre-la-vida-eterna-y-su-interpelacion-para-el-hombre-y-la-iglesia-de-hoy\/","title":{"rendered":"El padre Federico Lombardi reflexiona sobre la vida eterna y su interpelaci\u00f3n para el hombre y la Iglesia de hoy"},"content":{"rendered":"<p align=\"justify\">En los primeros d\u00edas de noviembre la Iglesia nos invita a elevar la mirada, abrir el cielo cerrado sobre nuestras cabezas y mirar m\u00e1s all\u00e1. Ver a la comunidad de los salvados, la de los santos, viva con el Se\u00f1or, sentir su presencia y la uni\u00f3n espiritual con nosotros en camino. Expresar nuestra relaci\u00f3n espiritual con los difuntos, en el recuerdo, en la oraci\u00f3n, en la esperanza.<\/p>\n<p align=\"justify\">En el reciente Mensaje conclusivo del S\u00ednodo al pueblo de Dios se recuerda que \u201ca la mujer samaritana Jes\u00fas no se le presenta solo como aquel que da vida, sino como aquel que da \u201cvida eterna\u201d. El don de Dios no es solamente la promesa de condiciones mejores en este mundo, sino el anuncio de que el sentido \u00faltimo de nuestra vida est\u00e1 m\u00e1s all\u00e1 de este mundo, en aquella comuni\u00f3n plena con Dios que esperamos al final de los tiempos.<\/p>\n<p align=\"justify\">El Mensaje prosigue recordando que en la Iglesia las personas consagradas a Dios totalmente, en pobreza, castidad y obediencia, deben ser justamente los testigos de este horizonte de la existencia humana que va m\u00e1s all\u00e1 de la muerte, testigos de la espera de un cumplimiento que solo se encuentra m\u00e1s all\u00e1 de lo que experimentamos sobre esta tierra. \u00a1Vocaci\u00f3n espl\u00e9ndida, pero cuanto m\u00e1s exigente!<\/p>\n<p align=\"justify\">El compromiso en este mundo, adem\u00e1s de ser un deber, es necesario, pero tiene que ser alimentado por una esperanza que sea capaz de motivarlo, que oriente su camino hacia \u201ccielos nuevos y tierra nueva\u201d. Sin esta esperanza no era posible la primera evangelizaci\u00f3n y no ser\u00e1 posible aquella nueva. Por lo tanto levantemos la cabeza para ver al Se\u00f1or que viene acompa\u00f1ado por sus santos.<br \/>\n(PLJR &#8211; Radio Vaticano)<\/p>\n","protected":false},"excerpt":{"rendered":"<p>En los primeros d\u00edas de noviembre la Iglesia nos invita a elevar la mirada, abrir el cielo cerrado sobre nuestras cabezas y mirar m\u00e1s all\u00e1. Ver a la comunidad de los salvados, la de los santos, viva con el Se\u00f1or, sentir su presencia y la uni\u00f3n espiritual con nosotros en camino. Expresar nuestra relaci\u00f3n espiritual &hellip; <a href=\"https:\/\/www.biblia.work\/sermones\/el-padre-federico-lombardi-reflexiona-sobre-la-vida-eterna-y-su-interpelacion-para-el-hombre-y-la-iglesia-de-hoy\/\" class=\"more-link\">Continuar leyendo<span class=\"screen-reader-text\"> \u00abEl padre Federico Lombardi reflexiona sobre la vida eterna y su interpelaci\u00f3n para el hombre y la Iglesia de hoy\u00bb<\/span><\/a><\/p>\n","protected":false},"author":1,"featured_media":0,"comment_status":"open","ping_status":"closed","sticky":false,"template":"","format":"standard","meta":{"footnotes":""},"categories":[1],"tags":[],"class_list":["post-38652","post","type-post","status-publish","format-standard","hentry","category-general"],"_links":{"self":[{"href":"https:\/\/www.biblia.work\/sermones\/wp-json\/wp\/v2\/posts\/38652","targetHints":{"allow":["GET"]}}],"collection":[{"href":"https:\/\/www.biblia.work\/sermones\/wp-json\/wp\/v2\/posts"}],"about":[{"href":"https:\/\/www.biblia.work\/sermones\/wp-json\/wp\/v2\/types\/post"}],"author":[{"embeddable":true,"href":"https:\/\/www.biblia.work\/sermones\/wp-json\/wp\/v2\/users\/1"}],"replies":[{"embeddable":true,"href":"https:\/\/www.biblia.work\/sermones\/wp-json\/wp\/v2\/comments?post=38652"}],"version-history":[{"count":0,"href":"https:\/\/www.biblia.work\/sermones\/wp-json\/wp\/v2\/posts\/38652\/revisions"}],"wp:attachment":[{"href":"https:\/\/www.biblia.work\/sermones\/wp-json\/wp\/v2\/media?parent=38652"}],"wp:term":[{"taxonomy":"category","embeddable":true,"href":"https:\/\/www.biblia.work\/sermones\/wp-json\/wp\/v2\/categories?post=38652"},{"taxonomy":"post_tag","embeddable":true,"href":"https:\/\/www.biblia.work\/sermones\/wp-json\/wp\/v2\/tags?post=38652"}],"curies":[{"name":"wp","href":"https:\/\/api.w.org\/{rel}","templated":true}]}}