{"id":38653,"date":"2016-06-21T18:11:51","date_gmt":"2016-06-21T23:11:51","guid":{"rendered":"http:\/\/www.biblia.work\/sermones\/lista-de-los-nuncios-espanoles-actualizacion-3-11-2012\/"},"modified":"2016-06-21T18:11:51","modified_gmt":"2016-06-21T23:11:51","slug":"lista-de-los-nuncios-espanoles-actualizacion-3-11-2012","status":"publish","type":"post","link":"https:\/\/www.biblia.work\/sermones\/lista-de-los-nuncios-espanoles-actualizacion-3-11-2012\/","title":{"rendered":"Lista de los nuncios espa\u00f1oles (Actualizaci\u00f3n 3-11-2012)"},"content":{"rendered":"<p align=\"justify\"><em>Tras la muerte de monse\u00f1or <strong>Faustino Sainz Mu\u00f1oz,<\/strong> hay nueve espa\u00f1oles nuncios apost\u00f3licos, de ellos ya tres jubilados y otro, el cardenal S<strong>antos Abril,<\/strong> en otro servicio (arcipreste de la bas\u00edlica papal de Santa Mar\u00eda la Mayor de Roma) y cinco en activo al frente de distintas nunciaturas, como monse\u00f1or <strong>Ramiro Moliner<\/strong>, nuncio en Albania, en la fotograf\u00eda.<\/em><\/p>\n<p align=\"justify\"><strong>\u00a0<\/strong><strong>1.- Mons. Pablo Puente Buces:<\/strong> Jubilado<\/p>\n<p align=\"justify\">(Cantabria 1931; sacerdote 1956; obispo 1980; su \u00faltimo destino fue como Nuncio Apost\u00f3lico en Gran Breta\u00f1a entre los a\u00f1os 2000 y 2004)<\/p>\n<p align=\"justify\"><strong>2.- Mons. Justo Mullor Garc\u00eda: <\/strong>Jubilado.<\/p>\n<p align=\"justify\">Presidente em\u00e9rito de la Pontificia Academia Eclesi\u00e1stica con sede en Roma.<\/p>\n<p align=\"justify\">(Ja\u00e9n 1932; sacerdote 1954; obispo 1979; su anterior destino como Nuncio Apost\u00f3lico fue M\u00e9xico entre los a\u00f1os 1998 y 2000. Jubilado en 2007)<\/p>\n<p align=\"justify\"><strong>3.- Mons. Santos Abril Castell\u00f3: <\/strong>Cardenal arcipreste de Santa Mar\u00eda la Mayor de Roma desde febrero de 2012.<\/p>\n<p align=\"justify\">(Teruel 1935; sacerdote 1960; obispo 1985; Nuncio Apost\u00f3lico en Eslovenia y Macedonia de 2003 a 2010. Su anterior destino como Nuncio Apost\u00f3lico fue Argentina entre los a\u00f1os 2000 y 2003.)<\/p>\n<p align=\"justify\"><strong>4.- Mons. F\u00e9lix del Blanco Prieto: <\/strong>Jubilado<strong><\/strong><\/p>\n<p align=\"justify\">Limosnero em\u00e9rito de Su Santidad el Papa desde 3l 3-11-2012.<\/p>\n<p align=\"justify\">(Le\u00f3n 1937; sacerdote 1961; obispo 1991; sus anteriores destinos fueron Nuncio Apost\u00f3lico en Camer\u00fan entre los a\u00f1os 1991 y 2003 y en Malta y Libia de 2003 a 2007)<\/p>\n<p align=\"justify\"><strong>5.- Mons. Ramiro Moliner Ingl\u00e9s: <\/strong>Nuncio Apost\u00f3lico en Albania.<\/p>\n<p align=\"justify\">(Teruel 1941; sacerdote 1965; obispo 1993; su anterior destino como Nuncio Apost\u00f3lico fue Etiop\u00eda, Yibuti y Somalia entre 2004 y 2008)<\/p>\n<p align=\"justify\"><strong>6.- Mons. Francisco Javier Lozano Sebasti\u00e1n:<\/strong> Nuncio Apost\u00f3lico en Ruman\u00eda y Moldavia.<\/p>\n<p align=\"justify\">(Segovia 1943; sacerdote 1968; obispo 1994; hasta su nombramiento anterior para Nuncio Apost\u00f3lico en Croacia en 2003 estaba destinado en la Curia Romana)<\/p>\n<p align=\"justify\"><strong>7.- Mons. Pedro L\u00f3pez Quintana:<\/strong> Nuncio Apost\u00f3lico en Canad\u00e1.<\/p>\n<p align=\"justify\">(Pontevedra 1995; sacerdote 1980; obispo 2003; hasta su nombramiento como Nuncio Apost\u00f3lico en India y Nepal estaba destinado en la Curia Romana. De 2002 a 2009 ha sido nuncio en India y Nepal)<\/p>\n<p align=\"justify\"><strong>8.-Mons. Andr\u00e9s Carrascosa Coso:<\/strong> Nuncio Apost\u00f3lico en Panam\u00e1<\/p>\n<p align=\"justify\">(Cuenca 1955; sacerdote 1980; obispo 2004; nuncio en Rep\u00fablica del Congo y Gab\u00f3n: 2004-2009; nuncio en Panam\u00e1: 2009)<\/p>\n<p align=\"justify\"><strong>9.-Mons. Miguel Maury Buend\u00eda:<\/strong> Nuncio Apost\u00f3lico en Kazajist\u00e1n.<\/p>\n<p align=\"justify\">(Madrid 1955; sacerdote 1980; obispo 2008; hasta su nombramiento como Nuncio Apost\u00f3lico en Kazajist\u00e1n trabajaba en la secretar\u00eda de Estado de la Santa Sede)<\/p>\n","protected":false},"excerpt":{"rendered":"<p>Tras la muerte de monse\u00f1or Faustino Sainz Mu\u00f1oz, hay nueve espa\u00f1oles nuncios apost\u00f3licos, de ellos ya tres jubilados y otro, el cardenal Santos Abril, en otro servicio (arcipreste de la bas\u00edlica papal de Santa Mar\u00eda la Mayor de Roma) y cinco en activo al frente de distintas nunciaturas, como monse\u00f1or Ramiro Moliner, nuncio en Albania, &hellip; <a href=\"https:\/\/www.biblia.work\/sermones\/lista-de-los-nuncios-espanoles-actualizacion-3-11-2012\/\" class=\"more-link\">Continuar leyendo<span class=\"screen-reader-text\"> \u00abLista de los nuncios espa\u00f1oles (Actualizaci\u00f3n 3-11-2012)\u00bb<\/span><\/a><\/p>\n","protected":false},"author":1,"featured_media":0,"comment_status":"open","ping_status":"closed","sticky":false,"template":"","format":"standard","meta":{"footnotes":""},"categories":[1],"tags":[],"class_list":["post-38653","post","type-post","status-publish","format-standard","hentry","category-general"],"_links":{"self":[{"href":"https:\/\/www.biblia.work\/sermones\/wp-json\/wp\/v2\/posts\/38653","targetHints":{"allow":["GET"]}}],"collection":[{"href":"https:\/\/www.biblia.work\/sermones\/wp-json\/wp\/v2\/posts"}],"about":[{"href":"https:\/\/www.biblia.work\/sermones\/wp-json\/wp\/v2\/types\/post"}],"author":[{"embeddable":true,"href":"https:\/\/www.biblia.work\/sermones\/wp-json\/wp\/v2\/users\/1"}],"replies":[{"embeddable":true,"href":"https:\/\/www.biblia.work\/sermones\/wp-json\/wp\/v2\/comments?post=38653"}],"version-history":[{"count":0,"href":"https:\/\/www.biblia.work\/sermones\/wp-json\/wp\/v2\/posts\/38653\/revisions"}],"wp:attachment":[{"href":"https:\/\/www.biblia.work\/sermones\/wp-json\/wp\/v2\/media?parent=38653"}],"wp:term":[{"taxonomy":"category","embeddable":true,"href":"https:\/\/www.biblia.work\/sermones\/wp-json\/wp\/v2\/categories?post=38653"},{"taxonomy":"post_tag","embeddable":true,"href":"https:\/\/www.biblia.work\/sermones\/wp-json\/wp\/v2\/tags?post=38653"}],"curies":[{"name":"wp","href":"https:\/\/api.w.org\/{rel}","templated":true}]}}