{"id":38655,"date":"2016-06-21T18:12:05","date_gmt":"2016-06-21T23:12:05","guid":{"rendered":"http:\/\/www.biblia.work\/sermones\/el-papa-une-la-pontificia-comision-para-los-bienes-culturales-de-la-iglesia-con-el-pontificio-consejo-para-la-cultura\/"},"modified":"2016-06-21T18:12:05","modified_gmt":"2016-06-21T23:12:05","slug":"el-papa-une-la-pontificia-comision-para-los-bienes-culturales-de-la-iglesia-con-el-pontificio-consejo-para-la-cultura","status":"publish","type":"post","link":"https:\/\/www.biblia.work\/sermones\/el-papa-une-la-pontificia-comision-para-los-bienes-culturales-de-la-iglesia-con-el-pontificio-consejo-para-la-cultura\/","title":{"rendered":"El Papa une la Pontificia Comisi\u00f3n para los Bienes Culturales de la Iglesia con el Pontificio Consejo para la Cultura"},"content":{"rendered":"<p align=\"justify\">Este 3 de noviembre, con el\u00a0<em>motu proprio <strong>\u201cPulchritudinis Fidei\u201d<\/strong><\/em><strong>\u00a0<\/strong>quedan formalmente unidas la Pontificia Comisi\u00f3n para los Bienes culturales de la Iglesia con el Pontificio Consejo de la Cultura que preside el cardenal <strong>Gianfranco Ravasi<\/strong>.\u00a0<\/p>\n<p align=\"justify\">Sobre la fusi\u00f3n de la Pontificia Comisi\u00f3n para los Bienes culturales de la Iglesia con el Pontificio Consejo de la Cultura, mediante el\u00a0<em>motu proprio\u00a0\u201cPulchritudinis Fidei\u201d,<\/em>\u00a0aprobado el pasado 30 de julio por el Santo Padre Benedicto XVI el purpurado ha destacado algunas notas hist\u00f3ricas relacionadas con la exigencia de una coordinaci\u00f3n \u00fanica y madurada en los a\u00f1os. Al respecto cabe destacar que el Papa P\u00edo XI en el a\u00f1o 1924, cre\u00f3 la Pontificia Comisi\u00f3n Central para el Arte Sacro en Italia, dedicada al cuidado del patrimonio hist\u00f3rico y art\u00edstico de la Iglesia, con exclusiva competencia para el territorio italiano.<\/p>\n<p align=\"justify\">Por otra parte, Juan Pablo II con la constituci\u00f3n apost\u00f3lica\u00a0<em>Pastor bonus<\/em>, del 28 de junio de 1988 transform\u00f3 esta Comisi\u00f3n en la Pontificia Comisi\u00f3n para la Conservaci\u00f3n del Patrimonio Art\u00edstico e Hist\u00f3rico de la Iglesia, relacion\u00e1ndola con la Congregaci\u00f3n para el Clero. Y sin embargo, despu\u00e9s, el mismo Pont\u00edfice ser\u00e1 quien la transformar\u00e1 en la Pontificia Comisi\u00f3n para los Bienes Culturales de la Iglesia con el\u00a0<em>motu proprio Inde a Pontificatus\u00a0<\/em>(1993).<\/p>\n<p align=\"justify\">En una entrevista publicada por el Osservatore Romano, el Cardenal Gianfranco Ravasi, se\u00f1ala que el Beato Juan Pablo II, uniendo el Pontificio Consejo de la Cultura y el Pontificio Consejo para el Di\u00e1logo con los No Creyentes, subrayaba la exigencia de una relaci\u00f3n estrecha entre el trabajo y las actividades del Pontificio Consejo y de la Pontificia Comisi\u00f3n. Desde entonces denominada Pontificia Comisi\u00f3n para los Bienes Culturales de la Iglesia, no siendo m\u00e1s establecida en la Congregaci\u00f3n para el Clero sino otorg\u00e1ndole autonom\u00eda, con un propio Presidente que a su vez formar\u00e1 parte de los miembros del Pontificio Consejo de la Cultura.<\/p>\n<p align=\"justify\">La unificaci\u00f3n de los dos organismos \u201csella\u201d entonces un recorrido de convergencia que tambi\u00e9n ha sido actuado en los ordenamientos de muchas Naciones hacia un uso difundido y hacia una visi\u00f3n cultural amplia y articulada que comprende el extraordinario patrimonio hist\u00f3rico-art\u00edstico de la Iglesia a lo largo de los siglos, con sus exigencias de tutela, conservaci\u00f3n y valorizaci\u00f3n, recibiendo de este modo un lugar m\u00e1s digno en el \u00e1mbito de las actividades culturales promovidas por la Santa Sede.<\/p>\n<p align=\"justify\">El purpurado presidente del Pontificio Consejo de la Cultura, indic\u00f3 que la comisi\u00f3n pasar\u00e1 a ser un departamento, al interno del Pontificio Consejo dedicado a la Cultura, a\u00f1adiendo que ser\u00e1 al igual que \u201cFe y arte, el Atrio de los Gentiles o el que se acaba de constituir dedicado al Deporte\u201d.<\/p>\n<p align=\"justify\">(Patricia L. J\u00e1uregui Romero \u2013 Radio Vaticano)<\/p>\n","protected":false},"excerpt":{"rendered":"<p>Este 3 de noviembre, con el\u00a0motu proprio \u201cPulchritudinis Fidei\u201d\u00a0quedan formalmente unidas la Pontificia Comisi\u00f3n para los Bienes culturales de la Iglesia con el Pontificio Consejo de la Cultura que preside el cardenal Gianfranco Ravasi.\u00a0 Sobre la fusi\u00f3n de la Pontificia Comisi\u00f3n para los Bienes culturales de la Iglesia con el Pontificio Consejo de la Cultura, &hellip; <a href=\"https:\/\/www.biblia.work\/sermones\/el-papa-une-la-pontificia-comision-para-los-bienes-culturales-de-la-iglesia-con-el-pontificio-consejo-para-la-cultura\/\" class=\"more-link\">Continuar leyendo<span class=\"screen-reader-text\"> \u00abEl Papa une la Pontificia Comisi\u00f3n para los Bienes Culturales de la Iglesia con el Pontificio Consejo para la Cultura\u00bb<\/span><\/a><\/p>\n","protected":false},"author":1,"featured_media":0,"comment_status":"open","ping_status":"closed","sticky":false,"template":"","format":"standard","meta":{"footnotes":""},"categories":[1],"tags":[],"class_list":["post-38655","post","type-post","status-publish","format-standard","hentry","category-general"],"_links":{"self":[{"href":"https:\/\/www.biblia.work\/sermones\/wp-json\/wp\/v2\/posts\/38655","targetHints":{"allow":["GET"]}}],"collection":[{"href":"https:\/\/www.biblia.work\/sermones\/wp-json\/wp\/v2\/posts"}],"about":[{"href":"https:\/\/www.biblia.work\/sermones\/wp-json\/wp\/v2\/types\/post"}],"author":[{"embeddable":true,"href":"https:\/\/www.biblia.work\/sermones\/wp-json\/wp\/v2\/users\/1"}],"replies":[{"embeddable":true,"href":"https:\/\/www.biblia.work\/sermones\/wp-json\/wp\/v2\/comments?post=38655"}],"version-history":[{"count":0,"href":"https:\/\/www.biblia.work\/sermones\/wp-json\/wp\/v2\/posts\/38655\/revisions"}],"wp:attachment":[{"href":"https:\/\/www.biblia.work\/sermones\/wp-json\/wp\/v2\/media?parent=38655"}],"wp:term":[{"taxonomy":"category","embeddable":true,"href":"https:\/\/www.biblia.work\/sermones\/wp-json\/wp\/v2\/categories?post=38655"},{"taxonomy":"post_tag","embeddable":true,"href":"https:\/\/www.biblia.work\/sermones\/wp-json\/wp\/v2\/tags?post=38655"}],"curies":[{"name":"wp","href":"https:\/\/api.w.org\/{rel}","templated":true}]}}