{"id":38656,"date":"2016-06-21T18:12:09","date_gmt":"2016-06-21T23:12:09","guid":{"rendered":"http:\/\/www.biblia.work\/sermones\/la-alocucion-del-papa-benedicto-xvi-previa-al-angelus-del-dia-de-todos-los-santos-1-noviembre-2012\/"},"modified":"2016-06-21T18:12:09","modified_gmt":"2016-06-21T23:12:09","slug":"la-alocucion-del-papa-benedicto-xvi-previa-al-angelus-del-dia-de-todos-los-santos-1-noviembre-2012","status":"publish","type":"post","link":"https:\/\/www.biblia.work\/sermones\/la-alocucion-del-papa-benedicto-xvi-previa-al-angelus-del-dia-de-todos-los-santos-1-noviembre-2012\/","title":{"rendered":"La alocuci\u00f3n del Papa Benedicto XVI previa al Angelus del D\u00eda de Todos los Santos (1 noviembre 2012)"},"content":{"rendered":"<p align=\"justify\">Hoy tenemos el gozo de encontrarnos en la solemnidad de Todos los Santos. Esta fiesta nos hace reflexionar sobre el doble horizonte de la humanidad, que expresamos simb\u00f3licamente con las palabras \u201ctierra\u201d y \u201ccielo\u201d: la tierra representa el camino hist\u00f3rico, el cielo la eternidad, la plenitud de la vida en Dios.<\/p>\n<p align=\"justify\">As\u00ed esta fiesta nos hace pensar en la Iglesia en su doble dimensi\u00f3n: la Iglesia en camino en el tiempo es aquella que celebra la fiesta sin fin, la Jerusal\u00e9n celestial.<\/p>\n<p align=\"justify\">Estas dos dimensiones est\u00e1n unidas por la realidad de la \u00abcomuni\u00f3n de los santos\u00bb: una realidad que comienza aqu\u00ed sobre la tierra y alcanza su cumplimiento en el Cielo. En el mundo terrenal, la Iglesia es el inicio de este misterio de comuni\u00f3n que une la humanidad, un misterio totalmente centrado sobre Jesucristo: es \u00c9l quien ha introducido en el g\u00e9nero humano esta din\u00e1mica nueva, un movimiento que lo conduce hacia Dios y al mismo tiempo hacia la unidad, hacia la paz en sentido profundo. Jesucristo &#8211; dice el Evangelio de Juan (11,52) &#8211; ha muerto \u00ab para congregar en la unidad a los hijos de Dios que estaban dispersos\u00bb, y \u00e9sta su obra continua en la Iglesia que es inseparablemente \u00abuna\u00bb, \u00absanta\u00bb y \u00abcat\u00f3lica\u00bb. Ser cristianos, formar parte de la Iglesia significa abrirse a esta comuni\u00f3n, como una semilla que se abre en la tierra, muriendo, y germina hacia lo alto, hacia el cielo.<\/p>\n<p align=\"justify\">Los Santos &#8211; aquellos que la Iglesia proclama como tales, pero tambi\u00e9n todos los santos y las santas que s\u00f3lo Dios conoce, y que tambi\u00e9n hoy celebramos &#8211; han vivido intensamente esta din\u00e1mica. En cada uno de ellos, de manera personal, se ha hecho presente Cristo, gracias a su Esp\u00edritu que obra mediante la Palabra y los Sacramentos. De hecho, el estar unidos a Cristo, en la Iglesia, no anula la personalidad, sino la abre, la transforma con la fuerza del amor, y le confiere, ya aqu\u00ed sobre la tierra, una dimensi\u00f3n eterna. En resumen, significa reproducir la imagen del Hijo de Dios (cfr Rm 8,29), realizando el proyecto de Dios que ha creado al hombre a su imagen y semejanza. Pero este insertarse en Cristo se abre &#8211; como dec\u00edamos &#8211; tambi\u00e9n a la comuni\u00f3n con todos los otros miembros de su Cuerpo m\u00edstico que es la Iglesia, una comuni\u00f3n que es perfecta en el \u00abCielo\u00bb, donde no hay alg\u00fan aislamiento, alguna competencia o separaci\u00f3n. En la fiesta de hoy, pregustamos la belleza de esta vida de total apertura a la mirada de amor de Dios y de los hermanos, en la que estamos seguros de alcanzar a Dios en el otro y el otro en Dios. Con esta fe llena de esperanza veneramos a todos los santos, y nos preparamos a conmemorar ma\u00f1ana a los fieles difuntos. En los santos vemos la victoria del amor sobre el ego\u00edsmo y sobre la muerte: vemos que seguir a Cristo lleva a la vida, a la vida eterna, y da sentido al presente, a cada instante que pasa, porque lo llena de amor, de esperanza. S\u00f3lo la fe en la vita eterna nos hace amar verdaderamente la historia y el presente, pero sin ataduras, en la libertad del peregrino, que ama la tierra porque tiene el coraz\u00f3n en el Cielo.<\/p>\n<p align=\"justify\">Que la Virgen Mar\u00eda nos obtenga la gracia de creer fuertemente en la vida eterna y de sentirnos en verdadera comuni\u00f3n con nuestros queridos difuntos.<\/p>\n<p align=\"justify\">Traducci\u00f3n del italiano: Ra\u00fal Cabrera, Radio Vaticano<\/p>\n","protected":false},"excerpt":{"rendered":"<p>Hoy tenemos el gozo de encontrarnos en la solemnidad de Todos los Santos. Esta fiesta nos hace reflexionar sobre el doble horizonte de la humanidad, que expresamos simb\u00f3licamente con las palabras \u201ctierra\u201d y \u201ccielo\u201d: la tierra representa el camino hist\u00f3rico, el cielo la eternidad, la plenitud de la vida en Dios. As\u00ed esta fiesta nos &hellip; <a href=\"https:\/\/www.biblia.work\/sermones\/la-alocucion-del-papa-benedicto-xvi-previa-al-angelus-del-dia-de-todos-los-santos-1-noviembre-2012\/\" class=\"more-link\">Continuar leyendo<span class=\"screen-reader-text\"> \u00abLa alocuci\u00f3n del Papa Benedicto XVI previa al Angelus del D\u00eda de Todos los Santos (1 noviembre 2012)\u00bb<\/span><\/a><\/p>\n","protected":false},"author":1,"featured_media":0,"comment_status":"open","ping_status":"closed","sticky":false,"template":"","format":"standard","meta":{"footnotes":""},"categories":[1],"tags":[],"class_list":["post-38656","post","type-post","status-publish","format-standard","hentry","category-general"],"_links":{"self":[{"href":"https:\/\/www.biblia.work\/sermones\/wp-json\/wp\/v2\/posts\/38656","targetHints":{"allow":["GET"]}}],"collection":[{"href":"https:\/\/www.biblia.work\/sermones\/wp-json\/wp\/v2\/posts"}],"about":[{"href":"https:\/\/www.biblia.work\/sermones\/wp-json\/wp\/v2\/types\/post"}],"author":[{"embeddable":true,"href":"https:\/\/www.biblia.work\/sermones\/wp-json\/wp\/v2\/users\/1"}],"replies":[{"embeddable":true,"href":"https:\/\/www.biblia.work\/sermones\/wp-json\/wp\/v2\/comments?post=38656"}],"version-history":[{"count":0,"href":"https:\/\/www.biblia.work\/sermones\/wp-json\/wp\/v2\/posts\/38656\/revisions"}],"wp:attachment":[{"href":"https:\/\/www.biblia.work\/sermones\/wp-json\/wp\/v2\/media?parent=38656"}],"wp:term":[{"taxonomy":"category","embeddable":true,"href":"https:\/\/www.biblia.work\/sermones\/wp-json\/wp\/v2\/categories?post=38656"},{"taxonomy":"post_tag","embeddable":true,"href":"https:\/\/www.biblia.work\/sermones\/wp-json\/wp\/v2\/tags?post=38656"}],"curies":[{"name":"wp","href":"https:\/\/api.w.org\/{rel}","templated":true}]}}