{"id":38658,"date":"2016-06-21T18:12:17","date_gmt":"2016-06-21T23:12:17","guid":{"rendered":"http:\/\/www.biblia.work\/sermones\/la-celebracion-de-los-50-anos-de-mensajeros-de-la-paz-en-el-vaticano-con-el-papa-benedicto-xvi\/"},"modified":"2016-06-21T18:12:17","modified_gmt":"2016-06-21T23:12:17","slug":"la-celebracion-de-los-50-anos-de-mensajeros-de-la-paz-en-el-vaticano-con-el-papa-benedicto-xvi","status":"publish","type":"post","link":"https:\/\/www.biblia.work\/sermones\/la-celebracion-de-los-50-anos-de-mensajeros-de-la-paz-en-el-vaticano-con-el-papa-benedicto-xvi\/","title":{"rendered":"La celebraci\u00f3n de los 50 a\u00f1os de Mensajeros de la Paz en el Vaticano con el Papa Benedicto XVI"},"content":{"rendered":"<p align=\"justify\">Mensajeros de la Paz, obra fundada por el padre <strong>\u00c1ngel Garc\u00eda<\/strong> celebra 50 a\u00f1os de fundaci\u00f3n y para compartir esta larga experiencia de vida haciendo obras del bien con iniciativas colocadas en diversas partes del mundo, esta ma\u00f1ana participaron en la Audiencia General para saludar a Benedicto XVI y recibir a su vez su saludo y bendici\u00f3n.<\/p>\n<p align=\"justify\">En efecto el Sucesor de Pedro, tras pronunciar su catequesis en nuestro idioma, salud\u00f3 al feliz grupo con las siguientes palabras: \u201c<em>Saludo a los peregrinos de lengua espa\u00f1ola, en particular a los miembros de la Asociaci\u00f3n Mensajeros de la Paz, que est\u00e1n celebrando las bodas de oro de su fundaci\u00f3n, invit\u00e1ndolos a que, arraigados cada vez m\u00e1s en Cristo, contin\u00faen siendo heraldos de la misericordia de Dios entre las personas m\u00e1s desprotegidas<\/em>\u201d.<\/p>\n<p align=\"justify\">Un grupo de 30 ni\u00f1os y adultos compuesto por antiguos y actuales beneficiarios de los hogares infantiles y por aquellos que viven en las residencias para adultos mayores de Mensajeros de la Paz, Edad Dorada, encabezados por el Padre \u00c1ngel, su presidente y fundador, han hecho un viaje especial hasta Roma para ser recibidos en audiencia .<\/p>\n<p align=\"justify\">Una nota informativa destaca que tras la audiencia general, el Padre \u00c1ngel, acompa\u00f1ado de una anciana palentina de 105 a\u00f1os, que vive en una residencia de mayores de la asociaci\u00f3n y cuatro menores de los hogares de Mensajeros de la Paz procedentes de Andaluc\u00eda, Le\u00f3n, Asturias y Castilla-La Mancha, saludaron personalmente al Papa, en representaci\u00f3n de las m\u00e1s de 18.000 personas que atiende diariamente en Espa\u00f1a esta ONG.<br \/>\n(Patricia L. J\u00e1uregui Romero \u2013 Radio Vaticano)<\/p>\n","protected":false},"excerpt":{"rendered":"<p>Mensajeros de la Paz, obra fundada por el padre \u00c1ngel Garc\u00eda celebra 50 a\u00f1os de fundaci\u00f3n y para compartir esta larga experiencia de vida haciendo obras del bien con iniciativas colocadas en diversas partes del mundo, esta ma\u00f1ana participaron en la Audiencia General para saludar a Benedicto XVI y recibir a su vez su saludo &hellip; <a href=\"https:\/\/www.biblia.work\/sermones\/la-celebracion-de-los-50-anos-de-mensajeros-de-la-paz-en-el-vaticano-con-el-papa-benedicto-xvi\/\" class=\"more-link\">Continuar leyendo<span class=\"screen-reader-text\"> \u00abLa celebraci\u00f3n de los 50 a\u00f1os de Mensajeros de la Paz en el Vaticano con el Papa Benedicto XVI\u00bb<\/span><\/a><\/p>\n","protected":false},"author":1,"featured_media":0,"comment_status":"open","ping_status":"closed","sticky":false,"template":"","format":"standard","meta":{"footnotes":""},"categories":[1],"tags":[],"class_list":["post-38658","post","type-post","status-publish","format-standard","hentry","category-general"],"_links":{"self":[{"href":"https:\/\/www.biblia.work\/sermones\/wp-json\/wp\/v2\/posts\/38658","targetHints":{"allow":["GET"]}}],"collection":[{"href":"https:\/\/www.biblia.work\/sermones\/wp-json\/wp\/v2\/posts"}],"about":[{"href":"https:\/\/www.biblia.work\/sermones\/wp-json\/wp\/v2\/types\/post"}],"author":[{"embeddable":true,"href":"https:\/\/www.biblia.work\/sermones\/wp-json\/wp\/v2\/users\/1"}],"replies":[{"embeddable":true,"href":"https:\/\/www.biblia.work\/sermones\/wp-json\/wp\/v2\/comments?post=38658"}],"version-history":[{"count":0,"href":"https:\/\/www.biblia.work\/sermones\/wp-json\/wp\/v2\/posts\/38658\/revisions"}],"wp:attachment":[{"href":"https:\/\/www.biblia.work\/sermones\/wp-json\/wp\/v2\/media?parent=38658"}],"wp:term":[{"taxonomy":"category","embeddable":true,"href":"https:\/\/www.biblia.work\/sermones\/wp-json\/wp\/v2\/categories?post=38658"},{"taxonomy":"post_tag","embeddable":true,"href":"https:\/\/www.biblia.work\/sermones\/wp-json\/wp\/v2\/tags?post=38658"}],"curies":[{"name":"wp","href":"https:\/\/api.w.org\/{rel}","templated":true}]}}