{"id":38659,"date":"2016-06-21T18:12:21","date_gmt":"2016-06-21T23:12:21","guid":{"rendered":"http:\/\/www.biblia.work\/sermones\/la-cronica-y-las-palabras-del-papa-en-las-visperas-del-500-aniversario-del-juicio-final-de-la-capilla-sixtina\/"},"modified":"2016-06-21T18:12:21","modified_gmt":"2016-06-21T23:12:21","slug":"la-cronica-y-las-palabras-del-papa-en-las-visperas-del-500-aniversario-del-juicio-final-de-la-capilla-sixtina","status":"publish","type":"post","link":"https:\/\/www.biblia.work\/sermones\/la-cronica-y-las-palabras-del-papa-en-las-visperas-del-500-aniversario-del-juicio-final-de-la-capilla-sixtina\/","title":{"rendered":"La cr\u00f3nica y las palabras del Papa en las v\u00edsperas del 500 aniversario del juicio final de la Capilla Sixtina"},"content":{"rendered":"<p align=\"justify\">\u201cEl mundo no es el producto de la oscuridad, de la casualidad, o de la absurdo, sino que deriva de una inteligencia, de una Libertad, de un acto supremo de Amor\u201d. Son palabras de <strong>Benedicto XVI<\/strong>, este mi\u00e9rcoles por la tarde, hablando de los frescos de la <strong>Capilla Sixtina, a 500 a\u00f1os<\/strong> de la inauguraci\u00f3n de las b\u00f3vedas pintadas por <strong>Miguel \u00c1ngel<\/strong>, al celebrar las primeras V\u00edsperas de la Solemnidad de Todos los Santos en la Capilla Papal. El Papa decidi\u00f3 renovar as\u00ed el gesto hecho por su predecesor, el entonces Papa <strong>Julio II<\/strong>.\u00a0<\/p>\n<p align=\"justify\">Era 31 de octubre 1512. Igual que hoy, cinco siglos despu\u00e9s, el estupor maravill\u00f3 a los presentes al admirar los frescos del pintor florentino. Benedicto XVI, hablando de esta obra maestra construida en cuatro a\u00f1os, desde 1508 hasta 1512, y que ocupa m\u00e1s de mil metros cuadrados de pared, dijo que es un hito en la historia del arte y la defini\u00f3, citando a Vasari, como una &#8220;l\u00e1mpara&#8221; para el mundo entero. Pero no se trata \u00fanicamente -dijo el Papa- de la luz que proviene del uso inteligente del contrastes de los ricos colores o del movimiento que anima la obra maestra de Miguel \u00c1ngel, sino de la idea que atraviesa la gran b\u00f3veda &#8220;.<\/p>\n<p align=\"justify\">\u201cEs la luz de Dios la que ilumina estos frescos y toda la Capilla Papal. Aquella luz que con su poder vence al caos y la oscuridad para dar vida, en la creaci\u00f3n y la redenci\u00f3n. Y la Capilla Sixtina narra esta historia de luz, de liberaci\u00f3n, de salvaci\u00f3n, habla de la relaci\u00f3n de Dios con la humanidad.\u201d<\/p>\n<p align=\"justify\">En la b\u00f3veda Miguel \u00c1ngel acompa\u00f1a al espectador recorriendo el mensaje de los profetas, y de las Sibilas en espera de Cristo, hasta el principio de todo: el gran artista dibuja al Dios Creador y su acci\u00f3n, su poder, indicando as\u00ed que el mundo no es un producto del azar, sino de un acto supremo de amor.&#8221;<\/p>\n<p align=\"justify\">&#8220;En aquel encuentro entre el dedo de Dios y el del hombre, percibimos el contacto entre el cielo y la tierra; en Ad\u00e1n Dios entra en una relaci\u00f3n nueva con su creaci\u00f3n, el hombre est\u00e1 en relaci\u00f3n directa con \u00e9l, es llamado por \u00e9l, es a imagen y semejanza de Dios&#8221;.<\/p>\n<p align=\"justify\">La Capilla Sixtina &#8211; dijo Benedicto XVI &#8211; es, por su naturaleza un aula lit\u00fargica. Las obras que la decoran encuentran en la liturgia su entorno vital, el contexto en el cual expresan mejor toda su belleza, la riqueza y la plenitud de significado&#8221;.<\/p>\n<p align=\"justify\">\u201cEs como si durante la acci\u00f3n lit\u00fargica, toda esta sinfon\u00eda figuras cobrasen vida, en sentido ciertamente espiritual, pero tambi\u00e9n inseparablemente est\u00e9tico, porque la percepci\u00f3n de la forma art\u00edstica es un acto t\u00edpicamente humano y, como tal, involucra los sentidos y el esp\u00edritu&#8221;.<\/p>\n<p align=\"justify\">\u201cRezar en la Capilla Sixtina, rodeado por la historia del camino de Dios con el hombre, que culmina en el Juicio Universal, pintado veinte a\u00f1os despu\u00e9s de la b\u00f3veda, siempre por Miquel \u00c1ngel &#8211; observ\u00f3 el Papa &#8211; es &#8220;una invitaci\u00f3n a la alabanza&#8221;.<\/p>\n<p align=\"justify\">&#8220;La Capilla Sixtina, contemplada en oraci\u00f3n, es a\u00fan m\u00e1s hermosa, m\u00e1s aut\u00e9ntica; se revela en toda su riqueza. Aqu\u00ed todo vive, todo resuena en contacto con la Palabra de Dios.<\/p>\n<p align=\"justify\">(ER \u2013 RV)<\/p>\n","protected":false},"excerpt":{"rendered":"<p>\u201cEl mundo no es el producto de la oscuridad, de la casualidad, o de la absurdo, sino que deriva de una inteligencia, de una Libertad, de un acto supremo de Amor\u201d. Son palabras de Benedicto XVI, este mi\u00e9rcoles por la tarde, hablando de los frescos de la Capilla Sixtina, a 500 a\u00f1os de la inauguraci\u00f3n &hellip; <a href=\"https:\/\/www.biblia.work\/sermones\/la-cronica-y-las-palabras-del-papa-en-las-visperas-del-500-aniversario-del-juicio-final-de-la-capilla-sixtina\/\" class=\"more-link\">Continuar leyendo<span class=\"screen-reader-text\"> \u00abLa cr\u00f3nica y las palabras del Papa en las v\u00edsperas del 500 aniversario del juicio final de la Capilla Sixtina\u00bb<\/span><\/a><\/p>\n","protected":false},"author":1,"featured_media":0,"comment_status":"open","ping_status":"closed","sticky":false,"template":"","format":"standard","meta":{"footnotes":""},"categories":[1],"tags":[],"class_list":["post-38659","post","type-post","status-publish","format-standard","hentry","category-general"],"_links":{"self":[{"href":"https:\/\/www.biblia.work\/sermones\/wp-json\/wp\/v2\/posts\/38659","targetHints":{"allow":["GET"]}}],"collection":[{"href":"https:\/\/www.biblia.work\/sermones\/wp-json\/wp\/v2\/posts"}],"about":[{"href":"https:\/\/www.biblia.work\/sermones\/wp-json\/wp\/v2\/types\/post"}],"author":[{"embeddable":true,"href":"https:\/\/www.biblia.work\/sermones\/wp-json\/wp\/v2\/users\/1"}],"replies":[{"embeddable":true,"href":"https:\/\/www.biblia.work\/sermones\/wp-json\/wp\/v2\/comments?post=38659"}],"version-history":[{"count":0,"href":"https:\/\/www.biblia.work\/sermones\/wp-json\/wp\/v2\/posts\/38659\/revisions"}],"wp:attachment":[{"href":"https:\/\/www.biblia.work\/sermones\/wp-json\/wp\/v2\/media?parent=38659"}],"wp:term":[{"taxonomy":"category","embeddable":true,"href":"https:\/\/www.biblia.work\/sermones\/wp-json\/wp\/v2\/categories?post=38659"},{"taxonomy":"post_tag","embeddable":true,"href":"https:\/\/www.biblia.work\/sermones\/wp-json\/wp\/v2\/tags?post=38659"}],"curies":[{"name":"wp","href":"https:\/\/api.w.org\/{rel}","templated":true}]}}