{"id":38660,"date":"2016-06-21T18:12:29","date_gmt":"2016-06-21T23:12:29","guid":{"rendered":"http:\/\/www.biblia.work\/sermones\/intencion-misionera-del-papa-para-el-mes-de-noviembre\/"},"modified":"2016-06-21T18:12:29","modified_gmt":"2016-06-21T23:12:29","slug":"intencion-misionera-del-papa-para-el-mes-de-noviembre","status":"publish","type":"post","link":"https:\/\/www.biblia.work\/sermones\/intencion-misionera-del-papa-para-el-mes-de-noviembre\/","title":{"rendered":"Intenci\u00f3n misionera del Papa para el mes de noviembre"},"content":{"rendered":"<p align=\"justify\">\u201cPara que la Iglesia peregrina en la tierra resplandezca como luz de las naciones\u201d, es la intenci\u00f3n misionera que propone su Santidad Benedicto XVI para este mes de noviembre, muy en consonancia con la celebraci\u00f3n de los 50 a\u00f1os del comienzo del Concilio Vaticano II.<\/p>\n<p align=\"justify\">\n<p align=\"justify\">En el documento misionero del Concilio, el decreto Ad Gentes, los padres conciliares recordaban esta misi\u00f3n de la Iglesia de ser luz de las naciones: \u201cLa Iglesia, sal de la tierra y luz del mundo, se siente llamada con m\u00e1s urgencia a salvar y renovar a toda criatura para que todas las cosas se instauren en Cristo, y en \u00e9l los hombres constituyan una sola familia y un \u00fanico pueblo de Dios\u201d.<\/p>\n<p align=\"justify\">\u201cPor lo cual este Santo Concilio, mientras da gracias a Dios por las obras realizadas por el generoso esfuerzo de toda la Iglesia, desea delinear los principios de la actividad misional y reunir las fuerzas de todos los fieles para que el Pueblo de Dios, caminando por la estrecha senda de la cruz, difunda por todas partes el reino de Cristo, Se\u00f1or de los siglos, y prepare los caminos a su venida\u201d.<\/p>\n<p align=\"right\">OMPRESS-ROMA (31-10-12)<\/p>\n<p align=\"justify\">&nbsp;<\/p>\n","protected":false},"excerpt":{"rendered":"<p>\u201cPara que la Iglesia peregrina en la tierra resplandezca como luz de las naciones\u201d, es la intenci\u00f3n misionera que propone su Santidad Benedicto XVI para este mes de noviembre, muy en consonancia con la celebraci\u00f3n de los 50 a\u00f1os del comienzo del Concilio Vaticano II. En el documento misionero del Concilio, el decreto Ad Gentes, &hellip; <a href=\"https:\/\/www.biblia.work\/sermones\/intencion-misionera-del-papa-para-el-mes-de-noviembre\/\" class=\"more-link\">Continuar leyendo<span class=\"screen-reader-text\"> \u00abIntenci\u00f3n misionera del Papa para el mes de noviembre\u00bb<\/span><\/a><\/p>\n","protected":false},"author":1,"featured_media":0,"comment_status":"open","ping_status":"closed","sticky":false,"template":"","format":"standard","meta":{"footnotes":""},"categories":[1],"tags":[],"class_list":["post-38660","post","type-post","status-publish","format-standard","hentry","category-general"],"_links":{"self":[{"href":"https:\/\/www.biblia.work\/sermones\/wp-json\/wp\/v2\/posts\/38660","targetHints":{"allow":["GET"]}}],"collection":[{"href":"https:\/\/www.biblia.work\/sermones\/wp-json\/wp\/v2\/posts"}],"about":[{"href":"https:\/\/www.biblia.work\/sermones\/wp-json\/wp\/v2\/types\/post"}],"author":[{"embeddable":true,"href":"https:\/\/www.biblia.work\/sermones\/wp-json\/wp\/v2\/users\/1"}],"replies":[{"embeddable":true,"href":"https:\/\/www.biblia.work\/sermones\/wp-json\/wp\/v2\/comments?post=38660"}],"version-history":[{"count":0,"href":"https:\/\/www.biblia.work\/sermones\/wp-json\/wp\/v2\/posts\/38660\/revisions"}],"wp:attachment":[{"href":"https:\/\/www.biblia.work\/sermones\/wp-json\/wp\/v2\/media?parent=38660"}],"wp:term":[{"taxonomy":"category","embeddable":true,"href":"https:\/\/www.biblia.work\/sermones\/wp-json\/wp\/v2\/categories?post=38660"},{"taxonomy":"post_tag","embeddable":true,"href":"https:\/\/www.biblia.work\/sermones\/wp-json\/wp\/v2\/tags?post=38660"}],"curies":[{"name":"wp","href":"https:\/\/api.w.org\/{rel}","templated":true}]}}